{"id":7969,"date":"2024-11-18T17:01:31","date_gmt":"2024-11-18T17:01:31","guid":{"rendered":"https:\/\/www.srvinho.com\/?p=7969"},"modified":"2024-11-18T17:01:31","modified_gmt":"2024-11-18T17:01:31","slug":"carlos-garcia","status":"publish","type":"post","link":"https:\/\/www.srvinho.com\/en\/carlos-garcia\/","title":{"rendered":"Carlos Garcia"},"content":{"rendered":"<p>Carlos Jos\u00e9 Rasteiro Garcia nasceu em Santar\u00e9m a 13 Dezembro de 1970.<\/p>\r\n<p>Iniciou as aulas de m\u00fasica e aprendizagem de guitarra cl\u00e1ssica em 1976.<\/p>\r\n<p>Entre 1979 e 1985 integrou a orquestra t\u00edpica scalabitana e frequentou o conservat\u00f3rio de m\u00fasica em Santar\u00e9m.<\/p>\r\n<p>Em 1986 inicia-se a tocar fado e a partir de 1990 come\u00e7a a tocar em casas de fado em Lisboa, tais como, Clube de fado, Bacalhau de molho, Caf\u00e9 luso, Faia, Sr. Vinho, onde tocou com Carlos Velez, Carlos Macedo, Jos\u00e9 Fontes Rocha, Ricardo Rocha, Manuel Martins, Francisco Peres, e acompanhou fadistas como Maria da F\u00e9, Maria da Nazar\u00e9, Ada de Castro, Caman\u00e9, Filipe Duarte, Lenita Gentil, Anita Guerreiro\u2026<\/p>\r\n<p>Em 1995 torna-se elemento do grupo de trabalho de Nuno da C\u00e2mara Pereira, com quem realizou imensos espet\u00e1culos, destacando, o festival de m\u00fasica mediterr\u00e2nea na ilha de Malta, o concerto de comemora\u00e7\u00e3o dos 20 anos de carreira no coliseu dos recreios em Lisboa (com a participa\u00e7\u00e3o de Rao Kyao, Vitorino, Carlos Azevedo, Custodio Castelo, Fernando Silva e Fernando Maia).<\/p>\r\n<p>Em 1997 \u00e9 convidado para fazer parte do projeto musical da cantora MISIA, onde fez in\u00fameras tourn\u00e9es participando no festival de jazz de Montreux; o \u201cconcerto vinho do porto\u201d no Brasil com M\u00edsia e Maria Beth\u00e2nia, no Rio de Janeiro na emblem\u00e1tica sala de espet\u00e1culos \u201dCanec\u00e3o\u201d; e em S\u00e3o Paulo na sala \u201cTom Brasil\u201d, com os m\u00fasicos, Marino de Freitas, Manuel Rocha, Ricardo Dias e Paulo Soares.<\/p>\r\n<p>Entre 1999 e 2003 tocou com a fadista Mafalda Arnauth, em variad\u00edssimas tours, Argentina, Uruguai, Venezuela, Holanda B\u00e9lgica, Su\u00e9cia, It\u00e1lia e em Portugal na apresenta\u00e7\u00e3o do CD \u201cEncantamento\u201d nas ru\u00ednas do Carmo e no teatro S\u00e3o Lu\u00eds.<\/p>\r\n\r\n\r\n\r\n<figure class=\"wp-block-image alignleft size-full\"><img fetchpriority=\"high\" decoding=\"async\" class=\"alignnone size-medium wp-image-7965\" src=\"https:\/\/www.srvinho.com\/wp-content\/uploads\/2024\/11\/elenco-carlos-garcia-300x283.jpg\" alt=\"\" width=\"300\" height=\"283\" srcset=\"https:\/\/www.srvinho.com\/wp-content\/uploads\/2024\/11\/elenco-carlos-garcia-300x283.jpg 300w, https:\/\/www.srvinho.com\/wp-content\/uploads\/2024\/11\/elenco-carlos-garcia-13x12.jpg 13w, https:\/\/www.srvinho.com\/wp-content\/uploads\/2024\/11\/elenco-carlos-garcia-256x241.jpg 256w, https:\/\/www.srvinho.com\/wp-content\/uploads\/2024\/11\/elenco-carlos-garcia.jpg 414w\" sizes=\"(max-width: 300px) 100vw, 300px\" \/><br \/>\r\n<figcaption>Viola<\/figcaption>\r\n<\/figure>\r\n\r\n\r\n\r\n<p>Paralelamente a este projeto, Carlos Garcia continuou a acompanhar pontualmente alguns espet\u00e1culos com outros artistas como Mariza, Carlos do Carmo, Ana Moura, entre outros, e foi elemento residente nas \u201cQuartas de Fado\u201d no casino Estoril com o fadista Carlos Zel, tendo atuado tamb\u00e9m nas galas de fado no sal\u00e3o Preto e Prata do Casino Estoril, onde acompanhou, F\u00e1f\u00e1 de Bel\u00e9m, Jo\u00e3o Ferreira Rosa, Vicente da C\u00e2mara, Argentina Santos, Maria da F\u00e9, Beatriz da Concei\u00e7\u00e3o, Ana Sofia Varela, Ana Moura, Ant\u00f3nio Pinto Basto, Rodrigo, Aldina Duarte, Maria Valejo\u2026<\/p>\r\n<p>Dos muitos trabalhos discogr\u00e1ficos que gravou destacam-se os dos artistas: Carlos Zel, Dulce Pontes, grupo \u201dEntre Vozes\u201d, Pedro Moutinho, Ant\u00f3nio Zambujo, Teresa Tapadas, Nuno da C\u00e2mara Pereira, Carlos Macedo, entre outros.<\/p>\r\n<p>Entre 2006 e 2013 fez parte de v\u00e1rios projetos musicais com o guitarrista Cust\u00f3dio Castelo, com quem gravou v\u00e1rios CD\u00b4s com fadistas e instrumentais como o CD \u201cin ventus\u201d, tendo feito tamb\u00e9m v\u00e1rias digress\u00f5es, com este trabalho discogr\u00e1fico (trio Custodio Castelo, Carlos Menezes e Carlos Garcia), pela Europa, M\u00e9xico, Canad\u00e1, em festivais de \u201dWorld Music\u201d, em Portugal na \u201d Casa da m\u00fasica\u201d no Porto e \u201dCCB\u201d em Lisboa.<\/p>\r\n<p>Entre 2010 e 2012 foi docente no instituto polit\u00e9cnico de Castelo Branco, \u201dESART\u201d, onde era respons\u00e1vel pela viola de acompanhamento de fado, integrado na licenciatura em guitarra portuguesa.<\/p>\r\n<p>Em 2011, participou na gala, FADO PATRIM\u00d3NIO DA HUMANIDADE, com transmiss\u00e3o direta pela RTP, onde estiveram em palco no coliseu dos recreios: Aldina Duarte, Ana Moura, Ant\u00f3nio Zambujo, Carlos do Carmo, Carminho, Celeste Rodrigues, Cristina Branco, Jo\u00e3o Braga, Marco Rodrigues, Maria da F\u00e9, Pedro Moutinho, Ricardo Ribeiro; m\u00fasicos: \u00c2ngelo Freire, CARLOS GARCIA, Carlos Menezes, Cust\u00f3dio Castelo, Diogo Clemente, Joel Pina e Marino de Freitas.<\/p>","protected":false},"excerpt":{"rendered":"<p>Come\u00e7ou a cantar aos 14 anos, entre a fam\u00edlia e amigos. \u00c9 arquitecto paisagista num atelier em Lisboa. Participou em v\u00e1rios eventos no Pa\u00eds e no estrangeiro, a convite de embaixadas por ocasi\u00e3o da Presid\u00eancia Portuguesa da Uni\u00e3o Europeia,<\/p>","protected":false},"author":1,"featured_media":0,"comment_status":"closed","ping_status":"closed","sticky":false,"template":"","format":"standard","meta":{"footnotes":""},"categories":[145],"tags":[],"class_list":["post-7969","post","type-post","status-publish","format-standard","hentry","category-elenco"],"yoast_head":"<!-- This site is optimized with the Yoast SEO plugin v26.4 - https:\/\/yoast.com\/wordpress\/plugins\/seo\/ -->\n<title>Restaurante Sr.Vinho<\/title>\n<meta name=\"description\" content=\"A mais tradicional das casas de Fado de Lisboa. Com excelente gastronomia portuguesa, um requintado servi\u00e7o de mesas e um magnifico elenco. Fundado em 1975 por Jos\u00e9 Lu\u00eds Gordo, Maria da F\u00e9 e Ant\u00f3nio Melo Correia.\" \/>\n<meta name=\"robots\" content=\"index, follow, max-snippet:-1, max-image-preview:large, max-video-preview:-1\" \/>\n<link rel=\"canonical\" href=\"https:\/\/www.srvinho.com\/en\/carlos-garcia\/\" \/>\n<meta property=\"og:locale\" content=\"en_GB\" \/>\n<meta property=\"og:type\" content=\"article\" \/>\n<meta property=\"og:title\" content=\"Restaurante Sr.Vinho\" \/>\n<meta property=\"og:description\" content=\"A mais tradicional das casas de Fado de Lisboa. Com excelente gastronomia portuguesa, um requintado servi\u00e7o de mesas e um magnifico elenco. Fundado em 1975 por Jos\u00e9 Lu\u00eds Gordo, Maria da F\u00e9 e Ant\u00f3nio Melo Correia.\" \/>\n<meta property=\"og:url\" content=\"https:\/\/www.srvinho.com\/en\/carlos-garcia\/\" \/>\n<meta property=\"og:site_name\" content=\"Sr.Vinho\" \/>\n<meta property=\"article:publisher\" content=\"https:\/\/www.facebook.com\/Sr.Vinho.Fado\" \/>\n<meta property=\"article:published_time\" content=\"2024-11-18T17:01:31+00:00\" \/>\n<meta property=\"og:image\" content=\"https:\/\/www.srvinho.com\/wp-content\/uploads\/2024\/11\/elenco-carlos-garcia.jpg\" \/>\n\t<meta property=\"og:image:width\" content=\"414\" \/>\n\t<meta property=\"og:image:height\" content=\"390\" \/>\n\t<meta property=\"og:image:type\" content=\"image\/jpeg\" \/>\n<meta name=\"author\" content=\"Sr.Vinho\" \/>\n<meta name=\"twitter:card\" content=\"summary_large_image\" \/>\n<meta name=\"twitter:label1\" content=\"Written by\" \/>\n\t<meta name=\"twitter:data1\" content=\"Sr.Vinho\" \/>\n\t<meta name=\"twitter:label2\" content=\"Estimated reading time\" \/>\n\t<meta name=\"twitter:data2\" content=\"4 minutes\" \/>\n<script type=\"application\/ld+json\" class=\"yoast-schema-graph\">{\"@context\":\"https:\/\/schema.org\",\"@graph\":[{\"@type\":\"Article\",\"@id\":\"https:\/\/www.srvinho.com\/carlos-garcia\/#article\",\"isPartOf\":{\"@id\":\"https:\/\/www.srvinho.com\/carlos-garcia\/\"},\"author\":{\"name\":\"Sr.Vinho\",\"@id\":\"https:\/\/www.srvinho.com\/en\/#\/schema\/person\/6a8e0edfd8e5230bc86146fadf475518\"},\"headline\":\"Carlos Garcia\",\"datePublished\":\"2024-11-18T17:01:31+00:00\",\"mainEntityOfPage\":{\"@id\":\"https:\/\/www.srvinho.com\/carlos-garcia\/\"},\"wordCount\":596,\"publisher\":{\"@id\":\"https:\/\/www.srvinho.com\/en\/#organization\"},\"image\":{\"@id\":\"https:\/\/www.srvinho.com\/carlos-garcia\/#primaryimage\"},\"thumbnailUrl\":\"https:\/\/www.srvinho.com\/wp-content\/uploads\/2024\/11\/elenco-carlos-garcia-300x283.jpg\",\"articleSection\":[\"Elenco\"],\"inLanguage\":\"en-GB\"},{\"@type\":\"WebPage\",\"@id\":\"https:\/\/www.srvinho.com\/carlos-garcia\/\",\"url\":\"https:\/\/www.srvinho.com\/carlos-garcia\/\",\"name\":\"Restaurante Sr.Vinho\",\"isPartOf\":{\"@id\":\"https:\/\/www.srvinho.com\/en\/#website\"},\"primaryImageOfPage\":{\"@id\":\"https:\/\/www.srvinho.com\/carlos-garcia\/#primaryimage\"},\"image\":{\"@id\":\"https:\/\/www.srvinho.com\/carlos-garcia\/#primaryimage\"},\"thumbnailUrl\":\"https:\/\/www.srvinho.com\/wp-content\/uploads\/2024\/11\/elenco-carlos-garcia-300x283.jpg\",\"datePublished\":\"2024-11-18T17:01:31+00:00\",\"description\":\"A mais tradicional das casas de Fado de Lisboa. Com excelente gastronomia portuguesa, um requintado servi\u00e7o de mesas e um magnifico elenco. Fundado em 1975 por Jos\u00e9 Lu\u00eds Gordo, Maria da F\u00e9 e Ant\u00f3nio Melo Correia.\",\"breadcrumb\":{\"@id\":\"https:\/\/www.srvinho.com\/carlos-garcia\/#breadcrumb\"},\"inLanguage\":\"en-GB\",\"potentialAction\":[{\"@type\":\"ReadAction\",\"target\":[\"https:\/\/www.srvinho.com\/carlos-garcia\/\"]}]},{\"@type\":\"ImageObject\",\"inLanguage\":\"en-GB\",\"@id\":\"https:\/\/www.srvinho.com\/carlos-garcia\/#primaryimage\",\"url\":\"https:\/\/www.srvinho.com\/wp-content\/uploads\/2024\/11\/elenco-carlos-garcia-300x283.jpg\",\"contentUrl\":\"https:\/\/www.srvinho.com\/wp-content\/uploads\/2024\/11\/elenco-carlos-garcia-300x283.jpg\"},{\"@type\":\"BreadcrumbList\",\"@id\":\"https:\/\/www.srvinho.com\/carlos-garcia\/#breadcrumb\",\"itemListElement\":[{\"@type\":\"ListItem\",\"position\":1,\"name\":\"In\u00edcio\",\"item\":\"https:\/\/www.srvinho.com\/\"},{\"@type\":\"ListItem\",\"position\":2,\"name\":\"Carlos Garcia\"}]},{\"@type\":\"WebSite\",\"@id\":\"https:\/\/www.srvinho.com\/en\/#website\",\"url\":\"https:\/\/www.srvinho.com\/en\/\",\"name\":\"Sr.Vinho\",\"description\":\"Sr.Vinho\",\"publisher\":{\"@id\":\"https:\/\/www.srvinho.com\/en\/#organization\"},\"potentialAction\":[{\"@type\":\"SearchAction\",\"target\":{\"@type\":\"EntryPoint\",\"urlTemplate\":\"https:\/\/www.srvinho.com\/en\/?s={search_term_string}\"},\"query-input\":{\"@type\":\"PropertyValueSpecification\",\"valueRequired\":true,\"valueName\":\"search_term_string\"}}],\"inLanguage\":\"en-GB\"},{\"@type\":\"Organization\",\"@id\":\"https:\/\/www.srvinho.com\/en\/#organization\",\"name\":\"Sr.Vinho\",\"url\":\"https:\/\/www.srvinho.com\/en\/\",\"logo\":{\"@type\":\"ImageObject\",\"inLanguage\":\"en-GB\",\"@id\":\"https:\/\/www.srvinho.com\/en\/#\/schema\/logo\/image\/\",\"url\":\"https:\/\/www.srvinho.com\/wp-content\/uploads\/2022\/10\/cropped-faviconSRVinho.jpg\",\"contentUrl\":\"https:\/\/www.srvinho.com\/wp-content\/uploads\/2022\/10\/cropped-faviconSRVinho.jpg\",\"width\":512,\"height\":512,\"caption\":\"Sr.Vinho\"},\"image\":{\"@id\":\"https:\/\/www.srvinho.com\/en\/#\/schema\/logo\/image\/\"},\"sameAs\":[\"https:\/\/www.facebook.com\/Sr.Vinho.Fado\",\"https:\/\/www.instagram.com\/sr_vinho\/\"]},{\"@type\":\"Person\",\"@id\":\"https:\/\/www.srvinho.com\/en\/#\/schema\/person\/6a8e0edfd8e5230bc86146fadf475518\",\"name\":\"Sr.Vinho\",\"image\":{\"@type\":\"ImageObject\",\"inLanguage\":\"en-GB\",\"@id\":\"https:\/\/www.srvinho.com\/en\/#\/schema\/person\/image\/\",\"url\":\"https:\/\/secure.gravatar.com\/avatar\/6f4736db73c4183e275cffea0860d12d?s=96&d=mm&r=g\",\"contentUrl\":\"https:\/\/secure.gravatar.com\/avatar\/6f4736db73c4183e275cffea0860d12d?s=96&d=mm&r=g\",\"caption\":\"Sr.Vinho\"},\"sameAs\":[\"https:\/\/www.srvinho.com\"],\"url\":\"https:\/\/www.srvinho.com\/en\/author\/32AvR4kiZ\/\"}]}<\/script>\n<!-- \/ Yoast SEO plugin. -->","yoast_head_json":{"title":"Restaurante Sr.Vinho","description":"A mais tradicional das casas de Fado de Lisboa. Com excelente gastronomia portuguesa, um requintado servi\u00e7o de mesas e um magnifico elenco. Fundado em 1975 por Jos\u00e9 Lu\u00eds Gordo, Maria da F\u00e9 e Ant\u00f3nio Melo Correia.","robots":{"index":"index","follow":"follow","max-snippet":"max-snippet:-1","max-image-preview":"max-image-preview:large","max-video-preview":"max-video-preview:-1"},"canonical":"https:\/\/www.srvinho.com\/en\/carlos-garcia\/","og_locale":"en_GB","og_type":"article","og_title":"Restaurante Sr.Vinho","og_description":"A mais tradicional das casas de Fado de Lisboa. Com excelente gastronomia portuguesa, um requintado servi\u00e7o de mesas e um magnifico elenco. Fundado em 1975 por Jos\u00e9 Lu\u00eds Gordo, Maria da F\u00e9 e Ant\u00f3nio Melo Correia.","og_url":"https:\/\/www.srvinho.com\/en\/carlos-garcia\/","og_site_name":"Sr.Vinho","article_publisher":"https:\/\/www.facebook.com\/Sr.Vinho.Fado","article_published_time":"2024-11-18T17:01:31+00:00","og_image":[{"width":414,"height":390,"url":"https:\/\/www.srvinho.com\/wp-content\/uploads\/2024\/11\/elenco-carlos-garcia.jpg","type":"image\/jpeg"}],"author":"Sr.Vinho","twitter_card":"summary_large_image","twitter_misc":{"Written by":"Sr.Vinho","Estimated reading time":"4 minutes"},"schema":{"@context":"https:\/\/schema.org","@graph":[{"@type":"Article","@id":"https:\/\/www.srvinho.com\/carlos-garcia\/#article","isPartOf":{"@id":"https:\/\/www.srvinho.com\/carlos-garcia\/"},"author":{"name":"Sr.Vinho","@id":"https:\/\/www.srvinho.com\/en\/#\/schema\/person\/6a8e0edfd8e5230bc86146fadf475518"},"headline":"Carlos Garcia","datePublished":"2024-11-18T17:01:31+00:00","mainEntityOfPage":{"@id":"https:\/\/www.srvinho.com\/carlos-garcia\/"},"wordCount":596,"publisher":{"@id":"https:\/\/www.srvinho.com\/en\/#organization"},"image":{"@id":"https:\/\/www.srvinho.com\/carlos-garcia\/#primaryimage"},"thumbnailUrl":"https:\/\/www.srvinho.com\/wp-content\/uploads\/2024\/11\/elenco-carlos-garcia-300x283.jpg","articleSection":["Elenco"],"inLanguage":"en-GB"},{"@type":"WebPage","@id":"https:\/\/www.srvinho.com\/carlos-garcia\/","url":"https:\/\/www.srvinho.com\/carlos-garcia\/","name":"Restaurante Sr.Vinho","isPartOf":{"@id":"https:\/\/www.srvinho.com\/en\/#website"},"primaryImageOfPage":{"@id":"https:\/\/www.srvinho.com\/carlos-garcia\/#primaryimage"},"image":{"@id":"https:\/\/www.srvinho.com\/carlos-garcia\/#primaryimage"},"thumbnailUrl":"https:\/\/www.srvinho.com\/wp-content\/uploads\/2024\/11\/elenco-carlos-garcia-300x283.jpg","datePublished":"2024-11-18T17:01:31+00:00","description":"A mais tradicional das casas de Fado de Lisboa. Com excelente gastronomia portuguesa, um requintado servi\u00e7o de mesas e um magnifico elenco. Fundado em 1975 por Jos\u00e9 Lu\u00eds Gordo, Maria da F\u00e9 e Ant\u00f3nio Melo Correia.","breadcrumb":{"@id":"https:\/\/www.srvinho.com\/carlos-garcia\/#breadcrumb"},"inLanguage":"en-GB","potentialAction":[{"@type":"ReadAction","target":["https:\/\/www.srvinho.com\/carlos-garcia\/"]}]},{"@type":"ImageObject","inLanguage":"en-GB","@id":"https:\/\/www.srvinho.com\/carlos-garcia\/#primaryimage","url":"https:\/\/www.srvinho.com\/wp-content\/uploads\/2024\/11\/elenco-carlos-garcia-300x283.jpg","contentUrl":"https:\/\/www.srvinho.com\/wp-content\/uploads\/2024\/11\/elenco-carlos-garcia-300x283.jpg"},{"@type":"BreadcrumbList","@id":"https:\/\/www.srvinho.com\/carlos-garcia\/#breadcrumb","itemListElement":[{"@type":"ListItem","position":1,"name":"In\u00edcio","item":"https:\/\/www.srvinho.com\/"},{"@type":"ListItem","position":2,"name":"Carlos Garcia"}]},{"@type":"WebSite","@id":"https:\/\/www.srvinho.com\/en\/#website","url":"https:\/\/www.srvinho.com\/en\/","name":"Sr.Vinho","description":"Sr.Vinho","publisher":{"@id":"https:\/\/www.srvinho.com\/en\/#organization"},"potentialAction":[{"@type":"SearchAction","target":{"@type":"EntryPoint","urlTemplate":"https:\/\/www.srvinho.com\/en\/?s={search_term_string}"},"query-input":{"@type":"PropertyValueSpecification","valueRequired":true,"valueName":"search_term_string"}}],"inLanguage":"en-GB"},{"@type":"Organization","@id":"https:\/\/www.srvinho.com\/en\/#organization","name":"Sr.Vinho","url":"https:\/\/www.srvinho.com\/en\/","logo":{"@type":"ImageObject","inLanguage":"en-GB","@id":"https:\/\/www.srvinho.com\/en\/#\/schema\/logo\/image\/","url":"https:\/\/www.srvinho.com\/wp-content\/uploads\/2022\/10\/cropped-faviconSRVinho.jpg","contentUrl":"https:\/\/www.srvinho.com\/wp-content\/uploads\/2022\/10\/cropped-faviconSRVinho.jpg","width":512,"height":512,"caption":"Sr.Vinho"},"image":{"@id":"https:\/\/www.srvinho.com\/en\/#\/schema\/logo\/image\/"},"sameAs":["https:\/\/www.facebook.com\/Sr.Vinho.Fado","https:\/\/www.instagram.com\/sr_vinho\/"]},{"@type":"Person","@id":"https:\/\/www.srvinho.com\/en\/#\/schema\/person\/6a8e0edfd8e5230bc86146fadf475518","name":"Sr.Vinho","image":{"@type":"ImageObject","inLanguage":"en-GB","@id":"https:\/\/www.srvinho.com\/en\/#\/schema\/person\/image\/","url":"https:\/\/secure.gravatar.com\/avatar\/6f4736db73c4183e275cffea0860d12d?s=96&d=mm&r=g","contentUrl":"https:\/\/secure.gravatar.com\/avatar\/6f4736db73c4183e275cffea0860d12d?s=96&d=mm&r=g","caption":"Sr.Vinho"},"sameAs":["https:\/\/www.srvinho.com"],"url":"https:\/\/www.srvinho.com\/en\/author\/32AvR4kiZ\/"}]}},"_links":{"self":[{"href":"https:\/\/www.srvinho.com\/en\/wp-json\/wp\/v2\/posts\/7969","targetHints":{"allow":["GET"]}}],"collection":[{"href":"https:\/\/www.srvinho.com\/en\/wp-json\/wp\/v2\/posts"}],"about":[{"href":"https:\/\/www.srvinho.com\/en\/wp-json\/wp\/v2\/types\/post"}],"author":[{"embeddable":true,"href":"https:\/\/www.srvinho.com\/en\/wp-json\/wp\/v2\/users\/1"}],"replies":[{"embeddable":true,"href":"https:\/\/www.srvinho.com\/en\/wp-json\/wp\/v2\/comments?post=7969"}],"version-history":[{"count":1,"href":"https:\/\/www.srvinho.com\/en\/wp-json\/wp\/v2\/posts\/7969\/revisions"}],"predecessor-version":[{"id":7970,"href":"https:\/\/www.srvinho.com\/en\/wp-json\/wp\/v2\/posts\/7969\/revisions\/7970"}],"wp:attachment":[{"href":"https:\/\/www.srvinho.com\/en\/wp-json\/wp\/v2\/media?parent=7969"}],"wp:term":[{"taxonomy":"category","embeddable":true,"href":"https:\/\/www.srvinho.com\/en\/wp-json\/wp\/v2\/categories?post=7969"},{"taxonomy":"post_tag","embeddable":true,"href":"https:\/\/www.srvinho.com\/en\/wp-json\/wp\/v2\/tags?post=7969"}],"curies":[{"name":"wp","href":"https:\/\/api.w.org\/{rel}","templated":true}]}}