{"id":7952,"date":"2024-11-18T16:48:33","date_gmt":"2024-11-18T16:48:33","guid":{"rendered":"https:\/\/www.srvinho.com\/?p=7952"},"modified":"2025-09-18T13:12:23","modified_gmt":"2025-09-18T13:12:23","slug":"rafael-pacheco","status":"publish","type":"post","link":"https:\/\/www.srvinho.com\/en\/rafael-pacheco\/","title":{"rendered":"Rafael Pacheco"},"content":{"rendered":"<p>Rafael Pacheco was born on 3 February 2000 in the city of Portim\u00e3o.<br \/>He began learning the Fado guitar at the \u201cBoa Esperan\u00e7a\u201d Fado school in 2012, largely encouraged by his grandmother.<br \/>Unlike today, he initially had no taste for the genre: he went to the school simply to discover and learn the instrument. However, his interest grew as he listened to Fado singers and the sound of the Portuguese guitar.<br \/>From then on, he became a regular presence at the Fado nights held at the association: initially listening and, later, playing alongside the musicians. <br \/>In 2013, he landed his first professional gigs as an instrumentalist, filling in for his teachers from the fado school.<br \/>No ano letivo de 2015\/16 come\u00e7ou a estudar guitarra cl\u00e1ssica no curso profissional de instrumentista de cordas e teclas da Escola da Bemposta, em Portim\u0101o.<br \/>Alongside this, he began teaching himself the Portuguese guitar.<br \/>He later went on to study under master Cust\u00f3dio Castelo.<br \/>Starting in 2018, he began frequenting Lisbon\u2019s fado nights, introduced to the scene by \u00c2ngelo Freire.<\/p>\r\n\r\n\r\n\r\n<figure class=\"wp-block-image alignleft size-full\"><img fetchpriority=\"high\" decoding=\"async\" class=\"alignnone size-medium wp-image-7962\" src=\"https:\/\/www.srvinho.com\/wp-content\/uploads\/2024\/11\/elenco-rafael-pacheco-300x283.jpg\" alt=\"Rafael Pacheco\" width=\"300\" height=\"283\" srcset=\"https:\/\/www.srvinho.com\/wp-content\/uploads\/2024\/11\/elenco-rafael-pacheco-300x283.jpg 300w, https:\/\/www.srvinho.com\/wp-content\/uploads\/2024\/11\/elenco-rafael-pacheco-13x12.jpg 13w, https:\/\/www.srvinho.com\/wp-content\/uploads\/2024\/11\/elenco-rafael-pacheco-256x241.jpg 256w, https:\/\/www.srvinho.com\/wp-content\/uploads\/2024\/11\/elenco-rafael-pacheco.jpg 414w\" sizes=\"(max-width: 300px) 100vw, 300px\" \/><br \/>\r\n<figcaption>Guitarra<\/figcaption>\r\n<\/figure>\r\n\r\n\r\n\r\n<p>Since then, he has performed alongside leading fado artists such as Maria da F\u00e9, Lenita Gentil, Gon\u00e7alo Salgueiro, and Ant\u00f3nio Rocha. He has played at the most iconic fado houses\u2014including O Faia, Clube de Fado, Adega Machado, Caf\u00e9 Luso, and Mesa de Frades\u2014and has graced major stages both in Portugal and abroad.<br \/>One of the rising stars of the new generation of guitarists, he is the winner of the 2023 AGEAS \u2013 Casa da M\u00fasica New Talents award\u2014the first and only Portuguese guitar player to ever receive the honor.<br \/>He is currently a resident musician at Sr. Vinho.<\/p>","protected":false},"excerpt":{"rendered":"<p>Come\u00e7ou a cantar aos 14 anos, entre a fam\u00edlia e amigos. \u00c9 arquitecto paisagista num atelier em Lisboa. Participou em v\u00e1rios eventos no Pa\u00eds e no estrangeiro, a convite de embaixadas por ocasi\u00e3o da Presid\u00eancia Portuguesa da Uni\u00e3o Europeia,<\/p>","protected":false},"author":1,"featured_media":0,"comment_status":"closed","ping_status":"closed","sticky":false,"template":"","format":"standard","meta":{"footnotes":""},"categories":[145],"tags":[],"class_list":["post-7952","post","type-post","status-publish","format-standard","hentry","category-elenco"],"yoast_head":"<!-- This site is optimized with the Yoast SEO plugin v26.4 - https:\/\/yoast.com\/wordpress\/plugins\/seo\/ -->\n<title>Restaurante Sr.Vinho<\/title>\n<meta name=\"description\" content=\"A mais tradicional das casas de Fado de Lisboa. Com excelente gastronomia portuguesa, um requintado servi\u00e7o de mesas e um magnifico elenco. Fundado em 1975 por Jos\u00e9 Lu\u00eds Gordo, Maria da F\u00e9 e Ant\u00f3nio Melo Correia.\" \/>\n<meta name=\"robots\" content=\"index, follow, max-snippet:-1, max-image-preview:large, max-video-preview:-1\" \/>\n<link rel=\"canonical\" href=\"https:\/\/www.srvinho.com\/en\/rafael-pacheco\/\" \/>\n<meta property=\"og:locale\" content=\"en_GB\" \/>\n<meta property=\"og:type\" content=\"article\" \/>\n<meta property=\"og:title\" content=\"Restaurante Sr.Vinho\" \/>\n<meta property=\"og:description\" content=\"A mais tradicional das casas de Fado de Lisboa. Com excelente gastronomia portuguesa, um requintado servi\u00e7o de mesas e um magnifico elenco. Fundado em 1975 por Jos\u00e9 Lu\u00eds Gordo, Maria da F\u00e9 e Ant\u00f3nio Melo Correia.\" \/>\n<meta property=\"og:url\" content=\"https:\/\/www.srvinho.com\/en\/rafael-pacheco\/\" \/>\n<meta property=\"og:site_name\" content=\"Sr.Vinho\" \/>\n<meta property=\"article:publisher\" content=\"https:\/\/www.facebook.com\/Sr.Vinho.Fado\" \/>\n<meta property=\"article:published_time\" content=\"2024-11-18T16:48:33+00:00\" \/>\n<meta property=\"article:modified_time\" content=\"2025-09-18T13:12:23+00:00\" \/>\n<meta property=\"og:image\" content=\"https:\/\/www.srvinho.com\/wp-content\/uploads\/2024\/11\/elenco-rafael-pacheco.jpg\" \/>\n\t<meta property=\"og:image:width\" content=\"414\" \/>\n\t<meta property=\"og:image:height\" content=\"390\" \/>\n\t<meta property=\"og:image:type\" content=\"image\/jpeg\" \/>\n<meta name=\"author\" content=\"Sr.Vinho\" \/>\n<meta name=\"twitter:card\" content=\"summary_large_image\" \/>\n<meta name=\"twitter:label1\" content=\"Written by\" \/>\n\t<meta name=\"twitter:data1\" content=\"Sr.Vinho\" \/>\n\t<meta name=\"twitter:label2\" content=\"Estimated reading time\" \/>\n\t<meta name=\"twitter:data2\" content=\"2 minutes\" \/>\n<script type=\"application\/ld+json\" class=\"yoast-schema-graph\">{\"@context\":\"https:\/\/schema.org\",\"@graph\":[{\"@type\":\"Article\",\"@id\":\"https:\/\/www.srvinho.com\/rafael-pacheco\/#article\",\"isPartOf\":{\"@id\":\"https:\/\/www.srvinho.com\/rafael-pacheco\/\"},\"author\":{\"name\":\"Sr.Vinho\",\"@id\":\"https:\/\/www.srvinho.com\/en\/#\/schema\/person\/6a8e0edfd8e5230bc86146fadf475518\"},\"headline\":\"Rafael Pacheco\",\"datePublished\":\"2024-11-18T16:48:33+00:00\",\"dateModified\":\"2025-09-18T13:12:23+00:00\",\"mainEntityOfPage\":{\"@id\":\"https:\/\/www.srvinho.com\/rafael-pacheco\/\"},\"wordCount\":295,\"publisher\":{\"@id\":\"https:\/\/www.srvinho.com\/en\/#organization\"},\"image\":{\"@id\":\"https:\/\/www.srvinho.com\/rafael-pacheco\/#primaryimage\"},\"thumbnailUrl\":\"https:\/\/www.srvinho.com\/wp-content\/uploads\/2024\/11\/elenco-rafael-pacheco-300x283.jpg\",\"articleSection\":[\"Elenco\"],\"inLanguage\":\"en-GB\"},{\"@type\":\"WebPage\",\"@id\":\"https:\/\/www.srvinho.com\/rafael-pacheco\/\",\"url\":\"https:\/\/www.srvinho.com\/rafael-pacheco\/\",\"name\":\"Restaurante Sr.Vinho\",\"isPartOf\":{\"@id\":\"https:\/\/www.srvinho.com\/en\/#website\"},\"primaryImageOfPage\":{\"@id\":\"https:\/\/www.srvinho.com\/rafael-pacheco\/#primaryimage\"},\"image\":{\"@id\":\"https:\/\/www.srvinho.com\/rafael-pacheco\/#primaryimage\"},\"thumbnailUrl\":\"https:\/\/www.srvinho.com\/wp-content\/uploads\/2024\/11\/elenco-rafael-pacheco-300x283.jpg\",\"datePublished\":\"2024-11-18T16:48:33+00:00\",\"dateModified\":\"2025-09-18T13:12:23+00:00\",\"description\":\"A mais tradicional das casas de Fado de Lisboa. Com excelente gastronomia portuguesa, um requintado servi\u00e7o de mesas e um magnifico elenco. Fundado em 1975 por Jos\u00e9 Lu\u00eds Gordo, Maria da F\u00e9 e Ant\u00f3nio Melo Correia.\",\"breadcrumb\":{\"@id\":\"https:\/\/www.srvinho.com\/rafael-pacheco\/#breadcrumb\"},\"inLanguage\":\"en-GB\",\"potentialAction\":[{\"@type\":\"ReadAction\",\"target\":[\"https:\/\/www.srvinho.com\/rafael-pacheco\/\"]}]},{\"@type\":\"ImageObject\",\"inLanguage\":\"en-GB\",\"@id\":\"https:\/\/www.srvinho.com\/rafael-pacheco\/#primaryimage\",\"url\":\"https:\/\/www.srvinho.com\/wp-content\/uploads\/2024\/11\/elenco-rafael-pacheco-300x283.jpg\",\"contentUrl\":\"https:\/\/www.srvinho.com\/wp-content\/uploads\/2024\/11\/elenco-rafael-pacheco-300x283.jpg\"},{\"@type\":\"BreadcrumbList\",\"@id\":\"https:\/\/www.srvinho.com\/rafael-pacheco\/#breadcrumb\",\"itemListElement\":[{\"@type\":\"ListItem\",\"position\":1,\"name\":\"In\u00edcio\",\"item\":\"https:\/\/www.srvinho.com\/\"},{\"@type\":\"ListItem\",\"position\":2,\"name\":\"Rafael Pacheco\"}]},{\"@type\":\"WebSite\",\"@id\":\"https:\/\/www.srvinho.com\/en\/#website\",\"url\":\"https:\/\/www.srvinho.com\/en\/\",\"name\":\"Sr.Vinho\",\"description\":\"Sr.Vinho\",\"publisher\":{\"@id\":\"https:\/\/www.srvinho.com\/en\/#organization\"},\"potentialAction\":[{\"@type\":\"SearchAction\",\"target\":{\"@type\":\"EntryPoint\",\"urlTemplate\":\"https:\/\/www.srvinho.com\/en\/?s={search_term_string}\"},\"query-input\":{\"@type\":\"PropertyValueSpecification\",\"valueRequired\":true,\"valueName\":\"search_term_string\"}}],\"inLanguage\":\"en-GB\"},{\"@type\":\"Organization\",\"@id\":\"https:\/\/www.srvinho.com\/en\/#organization\",\"name\":\"Sr.Vinho\",\"url\":\"https:\/\/www.srvinho.com\/en\/\",\"logo\":{\"@type\":\"ImageObject\",\"inLanguage\":\"en-GB\",\"@id\":\"https:\/\/www.srvinho.com\/en\/#\/schema\/logo\/image\/\",\"url\":\"https:\/\/www.srvinho.com\/wp-content\/uploads\/2022\/10\/cropped-faviconSRVinho.jpg\",\"contentUrl\":\"https:\/\/www.srvinho.com\/wp-content\/uploads\/2022\/10\/cropped-faviconSRVinho.jpg\",\"width\":512,\"height\":512,\"caption\":\"Sr.Vinho\"},\"image\":{\"@id\":\"https:\/\/www.srvinho.com\/en\/#\/schema\/logo\/image\/\"},\"sameAs\":[\"https:\/\/www.facebook.com\/Sr.Vinho.Fado\",\"https:\/\/www.instagram.com\/sr_vinho\/\"]},{\"@type\":\"Person\",\"@id\":\"https:\/\/www.srvinho.com\/en\/#\/schema\/person\/6a8e0edfd8e5230bc86146fadf475518\",\"name\":\"Sr.Vinho\",\"image\":{\"@type\":\"ImageObject\",\"inLanguage\":\"en-GB\",\"@id\":\"https:\/\/www.srvinho.com\/en\/#\/schema\/person\/image\/\",\"url\":\"https:\/\/secure.gravatar.com\/avatar\/6f4736db73c4183e275cffea0860d12d?s=96&d=mm&r=g\",\"contentUrl\":\"https:\/\/secure.gravatar.com\/avatar\/6f4736db73c4183e275cffea0860d12d?s=96&d=mm&r=g\",\"caption\":\"Sr.Vinho\"},\"sameAs\":[\"https:\/\/www.srvinho.com\"],\"url\":\"https:\/\/www.srvinho.com\/en\/author\/32AvR4kiZ\/\"}]}<\/script>\n<!-- \/ Yoast SEO plugin. -->","yoast_head_json":{"title":"Restaurante Sr.Vinho","description":"A mais tradicional das casas de Fado de Lisboa. Com excelente gastronomia portuguesa, um requintado servi\u00e7o de mesas e um magnifico elenco. Fundado em 1975 por Jos\u00e9 Lu\u00eds Gordo, Maria da F\u00e9 e Ant\u00f3nio Melo Correia.","robots":{"index":"index","follow":"follow","max-snippet":"max-snippet:-1","max-image-preview":"max-image-preview:large","max-video-preview":"max-video-preview:-1"},"canonical":"https:\/\/www.srvinho.com\/en\/rafael-pacheco\/","og_locale":"en_GB","og_type":"article","og_title":"Restaurante Sr.Vinho","og_description":"A mais tradicional das casas de Fado de Lisboa. Com excelente gastronomia portuguesa, um requintado servi\u00e7o de mesas e um magnifico elenco. Fundado em 1975 por Jos\u00e9 Lu\u00eds Gordo, Maria da F\u00e9 e Ant\u00f3nio Melo Correia.","og_url":"https:\/\/www.srvinho.com\/en\/rafael-pacheco\/","og_site_name":"Sr.Vinho","article_publisher":"https:\/\/www.facebook.com\/Sr.Vinho.Fado","article_published_time":"2024-11-18T16:48:33+00:00","article_modified_time":"2025-09-18T13:12:23+00:00","og_image":[{"width":414,"height":390,"url":"https:\/\/www.srvinho.com\/wp-content\/uploads\/2024\/11\/elenco-rafael-pacheco.jpg","type":"image\/jpeg"}],"author":"Sr.Vinho","twitter_card":"summary_large_image","twitter_misc":{"Written by":"Sr.Vinho","Estimated reading time":"2 minutes"},"schema":{"@context":"https:\/\/schema.org","@graph":[{"@type":"Article","@id":"https:\/\/www.srvinho.com\/rafael-pacheco\/#article","isPartOf":{"@id":"https:\/\/www.srvinho.com\/rafael-pacheco\/"},"author":{"name":"Sr.Vinho","@id":"https:\/\/www.srvinho.com\/en\/#\/schema\/person\/6a8e0edfd8e5230bc86146fadf475518"},"headline":"Rafael Pacheco","datePublished":"2024-11-18T16:48:33+00:00","dateModified":"2025-09-18T13:12:23+00:00","mainEntityOfPage":{"@id":"https:\/\/www.srvinho.com\/rafael-pacheco\/"},"wordCount":295,"publisher":{"@id":"https:\/\/www.srvinho.com\/en\/#organization"},"image":{"@id":"https:\/\/www.srvinho.com\/rafael-pacheco\/#primaryimage"},"thumbnailUrl":"https:\/\/www.srvinho.com\/wp-content\/uploads\/2024\/11\/elenco-rafael-pacheco-300x283.jpg","articleSection":["Elenco"],"inLanguage":"en-GB"},{"@type":"WebPage","@id":"https:\/\/www.srvinho.com\/rafael-pacheco\/","url":"https:\/\/www.srvinho.com\/rafael-pacheco\/","name":"Restaurante Sr.Vinho","isPartOf":{"@id":"https:\/\/www.srvinho.com\/en\/#website"},"primaryImageOfPage":{"@id":"https:\/\/www.srvinho.com\/rafael-pacheco\/#primaryimage"},"image":{"@id":"https:\/\/www.srvinho.com\/rafael-pacheco\/#primaryimage"},"thumbnailUrl":"https:\/\/www.srvinho.com\/wp-content\/uploads\/2024\/11\/elenco-rafael-pacheco-300x283.jpg","datePublished":"2024-11-18T16:48:33+00:00","dateModified":"2025-09-18T13:12:23+00:00","description":"A mais tradicional das casas de Fado de Lisboa. Com excelente gastronomia portuguesa, um requintado servi\u00e7o de mesas e um magnifico elenco. Fundado em 1975 por Jos\u00e9 Lu\u00eds Gordo, Maria da F\u00e9 e Ant\u00f3nio Melo Correia.","breadcrumb":{"@id":"https:\/\/www.srvinho.com\/rafael-pacheco\/#breadcrumb"},"inLanguage":"en-GB","potentialAction":[{"@type":"ReadAction","target":["https:\/\/www.srvinho.com\/rafael-pacheco\/"]}]},{"@type":"ImageObject","inLanguage":"en-GB","@id":"https:\/\/www.srvinho.com\/rafael-pacheco\/#primaryimage","url":"https:\/\/www.srvinho.com\/wp-content\/uploads\/2024\/11\/elenco-rafael-pacheco-300x283.jpg","contentUrl":"https:\/\/www.srvinho.com\/wp-content\/uploads\/2024\/11\/elenco-rafael-pacheco-300x283.jpg"},{"@type":"BreadcrumbList","@id":"https:\/\/www.srvinho.com\/rafael-pacheco\/#breadcrumb","itemListElement":[{"@type":"ListItem","position":1,"name":"In\u00edcio","item":"https:\/\/www.srvinho.com\/"},{"@type":"ListItem","position":2,"name":"Rafael Pacheco"}]},{"@type":"WebSite","@id":"https:\/\/www.srvinho.com\/en\/#website","url":"https:\/\/www.srvinho.com\/en\/","name":"Sr.Vinho","description":"Sr.Vinho","publisher":{"@id":"https:\/\/www.srvinho.com\/en\/#organization"},"potentialAction":[{"@type":"SearchAction","target":{"@type":"EntryPoint","urlTemplate":"https:\/\/www.srvinho.com\/en\/?s={search_term_string}"},"query-input":{"@type":"PropertyValueSpecification","valueRequired":true,"valueName":"search_term_string"}}],"inLanguage":"en-GB"},{"@type":"Organization","@id":"https:\/\/www.srvinho.com\/en\/#organization","name":"Sr.Vinho","url":"https:\/\/www.srvinho.com\/en\/","logo":{"@type":"ImageObject","inLanguage":"en-GB","@id":"https:\/\/www.srvinho.com\/en\/#\/schema\/logo\/image\/","url":"https:\/\/www.srvinho.com\/wp-content\/uploads\/2022\/10\/cropped-faviconSRVinho.jpg","contentUrl":"https:\/\/www.srvinho.com\/wp-content\/uploads\/2022\/10\/cropped-faviconSRVinho.jpg","width":512,"height":512,"caption":"Sr.Vinho"},"image":{"@id":"https:\/\/www.srvinho.com\/en\/#\/schema\/logo\/image\/"},"sameAs":["https:\/\/www.facebook.com\/Sr.Vinho.Fado","https:\/\/www.instagram.com\/sr_vinho\/"]},{"@type":"Person","@id":"https:\/\/www.srvinho.com\/en\/#\/schema\/person\/6a8e0edfd8e5230bc86146fadf475518","name":"Sr.Vinho","image":{"@type":"ImageObject","inLanguage":"en-GB","@id":"https:\/\/www.srvinho.com\/en\/#\/schema\/person\/image\/","url":"https:\/\/secure.gravatar.com\/avatar\/6f4736db73c4183e275cffea0860d12d?s=96&d=mm&r=g","contentUrl":"https:\/\/secure.gravatar.com\/avatar\/6f4736db73c4183e275cffea0860d12d?s=96&d=mm&r=g","caption":"Sr.Vinho"},"sameAs":["https:\/\/www.srvinho.com"],"url":"https:\/\/www.srvinho.com\/en\/author\/32AvR4kiZ\/"}]}},"_links":{"self":[{"href":"https:\/\/www.srvinho.com\/en\/wp-json\/wp\/v2\/posts\/7952","targetHints":{"allow":["GET"]}}],"collection":[{"href":"https:\/\/www.srvinho.com\/en\/wp-json\/wp\/v2\/posts"}],"about":[{"href":"https:\/\/www.srvinho.com\/en\/wp-json\/wp\/v2\/types\/post"}],"author":[{"embeddable":true,"href":"https:\/\/www.srvinho.com\/en\/wp-json\/wp\/v2\/users\/1"}],"replies":[{"embeddable":true,"href":"https:\/\/www.srvinho.com\/en\/wp-json\/wp\/v2\/comments?post=7952"}],"version-history":[{"count":2,"href":"https:\/\/www.srvinho.com\/en\/wp-json\/wp\/v2\/posts\/7952\/revisions"}],"predecessor-version":[{"id":8164,"href":"https:\/\/www.srvinho.com\/en\/wp-json\/wp\/v2\/posts\/7952\/revisions\/8164"}],"wp:attachment":[{"href":"https:\/\/www.srvinho.com\/en\/wp-json\/wp\/v2\/media?parent=7952"}],"wp:term":[{"taxonomy":"category","embeddable":true,"href":"https:\/\/www.srvinho.com\/en\/wp-json\/wp\/v2\/categories?post=7952"},{"taxonomy":"post_tag","embeddable":true,"href":"https:\/\/www.srvinho.com\/en\/wp-json\/wp\/v2\/tags?post=7952"}],"curies":[{"name":"wp","href":"https:\/\/api.w.org\/{rel}","templated":true}]}}