{"id":7914,"date":"2024-07-12T16:55:41","date_gmt":"2024-07-12T16:55:41","guid":{"rendered":"https:\/\/www.srvinho.com\/?p=7914"},"modified":"2024-11-04T16:19:02","modified_gmt":"2024-11-04T16:19:02","slug":"catia-garcia","status":"publish","type":"post","link":"https:\/\/www.srvinho.com\/en\/catia-garcia\/","title":{"rendered":"C\u00e1tia Garcia"},"content":{"rendered":"<p>C\u00e1tia Garcia, born in Porto, holds a degree in Singing from the Vila Nova de Gaia Conservatory. Fado and Musical Theatre are her artistic fields of excellence. She was part of the cast of \u201cWest Side Story\u201d, \u201cThe Sound of Music\u201d and \u201cThe Wizard of Oz\u201d, among others, for Filipe L\u00e1 Feria.<br \/>Sob a dire\u00e7\u00e3o de Ant\u00f3nio Leal participou nos espect\u00e1culos &#8220;As m\u00fasicas que os vinhos D\u00e3o&#8221; e &#8220;S\u00f3 queria que me sa\u00edsse&#8230; D\u00e3o&#8221; inseridos na Feira do Vinho do D\u00e3o e tamb\u00e9m no musical &#8220;Into the Woods&#8221;.<\/p>\r\n\r\n\r\n\r\n<figure class=\"wp-block-image alignleft size-full\"><img fetchpriority=\"high\" decoding=\"async\" class=\"alignnone size-medium wp-image-7936\" src=\"https:\/\/www.srvinho.com\/wp-content\/uploads\/2024\/11\/elenco-catiaggarcia-02-300x283.jpg\" alt=\"C\u00e1tia Garcia\" width=\"300\" height=\"283\" srcset=\"https:\/\/www.srvinho.com\/wp-content\/uploads\/2024\/11\/elenco-catiaggarcia-02-300x283.jpg 300w, https:\/\/www.srvinho.com\/wp-content\/uploads\/2024\/11\/elenco-catiaggarcia-02-13x12.jpg 13w, https:\/\/www.srvinho.com\/wp-content\/uploads\/2024\/11\/elenco-catiaggarcia-02-256x241.jpg 256w, https:\/\/www.srvinho.com\/wp-content\/uploads\/2024\/11\/elenco-catiaggarcia-02.jpg 414w\" sizes=\"(max-width: 300px) 100vw, 300px\" \/><br \/>\r\n<figcaption>Fadista<\/figcaption>\r\n<\/figure>\r\n\r\n\r\n\r\n<p>She first joined the cast of Teatro Maria Vit\u00f3ria as a Fado attraction in \u201cPare, Escute e Ria\u201d. She returned in \u201cCanta Maria Vit\u00f3ria\u201d and continued as part of the cast as an actress and singer in the revues \u201cParab\u00e9ns, Parque Mayer\u201d and \u201cPar\u00f3dia Nacional\". <br \/>As casas de Fado de Lisboa conhecem-na bem, tendo mantido nas mesmas actividade regular.<\/p>","protected":false},"excerpt":{"rendered":"<p>Come\u00e7ou a cantar aos 14 anos, entre a fam\u00edlia e amigos. \u00c9 arquitecto paisagista num atelier em Lisboa. Participou em v\u00e1rios eventos no Pa\u00eds e no estrangeiro, a convite de embaixadas por ocasi\u00e3o da Presid\u00eancia Portuguesa da Uni\u00e3o Europeia,<\/p>","protected":false},"author":1,"featured_media":0,"comment_status":"closed","ping_status":"closed","sticky":false,"template":"","format":"standard","meta":{"footnotes":""},"categories":[145],"tags":[],"class_list":["post-7914","post","type-post","status-publish","format-standard","hentry","category-elenco"],"yoast_head":"<!-- This site is optimized with the Yoast SEO plugin v26.4 - https:\/\/yoast.com\/wordpress\/plugins\/seo\/ -->\n<title>Restaurante Sr.Vinho<\/title>\n<meta name=\"description\" content=\"A mais tradicional das casas de Fado de Lisboa. Com excelente gastronomia portuguesa, um requintado servi\u00e7o de mesas e um magnifico elenco. Fundado em 1975 por Jos\u00e9 Lu\u00eds Gordo, Maria da F\u00e9 e Ant\u00f3nio Melo Correia.\" \/>\n<meta name=\"robots\" content=\"index, follow, max-snippet:-1, max-image-preview:large, max-video-preview:-1\" \/>\n<link rel=\"canonical\" href=\"https:\/\/www.srvinho.com\/en\/catia-garcia\/\" \/>\n<meta property=\"og:locale\" content=\"en_GB\" \/>\n<meta property=\"og:type\" content=\"article\" \/>\n<meta property=\"og:title\" content=\"Restaurante Sr.Vinho\" \/>\n<meta property=\"og:description\" content=\"A mais tradicional das casas de Fado de Lisboa. Com excelente gastronomia portuguesa, um requintado servi\u00e7o de mesas e um magnifico elenco. Fundado em 1975 por Jos\u00e9 Lu\u00eds Gordo, Maria da F\u00e9 e Ant\u00f3nio Melo Correia.\" \/>\n<meta property=\"og:url\" content=\"https:\/\/www.srvinho.com\/en\/catia-garcia\/\" \/>\n<meta property=\"og:site_name\" content=\"Sr.Vinho\" \/>\n<meta property=\"article:publisher\" content=\"https:\/\/www.facebook.com\/Sr.Vinho.Fado\" \/>\n<meta property=\"article:published_time\" content=\"2024-07-12T16:55:41+00:00\" \/>\n<meta property=\"article:modified_time\" content=\"2024-11-04T16:19:02+00:00\" \/>\n<meta property=\"og:image\" content=\"https:\/\/www.srvinho.com\/wp-content\/uploads\/2024\/11\/elenco-catiaggarcia-02-300x283.jpg\" \/>\n<meta name=\"author\" content=\"Sr.Vinho\" \/>\n<meta name=\"twitter:card\" content=\"summary_large_image\" \/>\n<meta name=\"twitter:label1\" content=\"Written by\" \/>\n\t<meta name=\"twitter:data1\" content=\"Sr.Vinho\" \/>\n\t<meta name=\"twitter:label2\" content=\"Estimated reading time\" \/>\n\t<meta name=\"twitter:data2\" content=\"2 minutes\" \/>\n<script type=\"application\/ld+json\" class=\"yoast-schema-graph\">{\"@context\":\"https:\/\/schema.org\",\"@graph\":[{\"@type\":\"Article\",\"@id\":\"https:\/\/www.srvinho.com\/catia-garcia\/#article\",\"isPartOf\":{\"@id\":\"https:\/\/www.srvinho.com\/catia-garcia\/\"},\"author\":{\"name\":\"Sr.Vinho\",\"@id\":\"https:\/\/www.srvinho.com\/en\/#\/schema\/person\/6a8e0edfd8e5230bc86146fadf475518\"},\"headline\":\"C\u00e1tia Garcia\",\"datePublished\":\"2024-07-12T16:55:41+00:00\",\"dateModified\":\"2024-11-04T16:19:02+00:00\",\"mainEntityOfPage\":{\"@id\":\"https:\/\/www.srvinho.com\/catia-garcia\/\"},\"wordCount\":169,\"publisher\":{\"@id\":\"https:\/\/www.srvinho.com\/en\/#organization\"},\"image\":{\"@id\":\"https:\/\/www.srvinho.com\/catia-garcia\/#primaryimage\"},\"thumbnailUrl\":\"https:\/\/www.srvinho.com\/wp-content\/uploads\/2024\/11\/elenco-catiaggarcia-02-300x283.jpg\",\"articleSection\":[\"Elenco\"],\"inLanguage\":\"en-GB\"},{\"@type\":\"WebPage\",\"@id\":\"https:\/\/www.srvinho.com\/catia-garcia\/\",\"url\":\"https:\/\/www.srvinho.com\/catia-garcia\/\",\"name\":\"Restaurante Sr.Vinho\",\"isPartOf\":{\"@id\":\"https:\/\/www.srvinho.com\/en\/#website\"},\"primaryImageOfPage\":{\"@id\":\"https:\/\/www.srvinho.com\/catia-garcia\/#primaryimage\"},\"image\":{\"@id\":\"https:\/\/www.srvinho.com\/catia-garcia\/#primaryimage\"},\"thumbnailUrl\":\"https:\/\/www.srvinho.com\/wp-content\/uploads\/2024\/11\/elenco-catiaggarcia-02-300x283.jpg\",\"datePublished\":\"2024-07-12T16:55:41+00:00\",\"dateModified\":\"2024-11-04T16:19:02+00:00\",\"description\":\"A mais tradicional das casas de Fado de Lisboa. Com excelente gastronomia portuguesa, um requintado servi\u00e7o de mesas e um magnifico elenco. Fundado em 1975 por Jos\u00e9 Lu\u00eds Gordo, Maria da F\u00e9 e Ant\u00f3nio Melo Correia.\",\"breadcrumb\":{\"@id\":\"https:\/\/www.srvinho.com\/catia-garcia\/#breadcrumb\"},\"inLanguage\":\"en-GB\",\"potentialAction\":[{\"@type\":\"ReadAction\",\"target\":[\"https:\/\/www.srvinho.com\/catia-garcia\/\"]}]},{\"@type\":\"ImageObject\",\"inLanguage\":\"en-GB\",\"@id\":\"https:\/\/www.srvinho.com\/catia-garcia\/#primaryimage\",\"url\":\"https:\/\/www.srvinho.com\/wp-content\/uploads\/2024\/11\/elenco-catiaggarcia-02-300x283.jpg\",\"contentUrl\":\"https:\/\/www.srvinho.com\/wp-content\/uploads\/2024\/11\/elenco-catiaggarcia-02-300x283.jpg\"},{\"@type\":\"BreadcrumbList\",\"@id\":\"https:\/\/www.srvinho.com\/catia-garcia\/#breadcrumb\",\"itemListElement\":[{\"@type\":\"ListItem\",\"position\":1,\"name\":\"In\u00edcio\",\"item\":\"https:\/\/www.srvinho.com\/\"},{\"@type\":\"ListItem\",\"position\":2,\"name\":\"C\u00e1tia Garcia\"}]},{\"@type\":\"WebSite\",\"@id\":\"https:\/\/www.srvinho.com\/en\/#website\",\"url\":\"https:\/\/www.srvinho.com\/en\/\",\"name\":\"Sr.Vinho\",\"description\":\"Sr.Vinho\",\"publisher\":{\"@id\":\"https:\/\/www.srvinho.com\/en\/#organization\"},\"potentialAction\":[{\"@type\":\"SearchAction\",\"target\":{\"@type\":\"EntryPoint\",\"urlTemplate\":\"https:\/\/www.srvinho.com\/en\/?s={search_term_string}\"},\"query-input\":{\"@type\":\"PropertyValueSpecification\",\"valueRequired\":true,\"valueName\":\"search_term_string\"}}],\"inLanguage\":\"en-GB\"},{\"@type\":\"Organization\",\"@id\":\"https:\/\/www.srvinho.com\/en\/#organization\",\"name\":\"Sr.Vinho\",\"url\":\"https:\/\/www.srvinho.com\/en\/\",\"logo\":{\"@type\":\"ImageObject\",\"inLanguage\":\"en-GB\",\"@id\":\"https:\/\/www.srvinho.com\/en\/#\/schema\/logo\/image\/\",\"url\":\"https:\/\/www.srvinho.com\/wp-content\/uploads\/2022\/10\/cropped-faviconSRVinho.jpg\",\"contentUrl\":\"https:\/\/www.srvinho.com\/wp-content\/uploads\/2022\/10\/cropped-faviconSRVinho.jpg\",\"width\":512,\"height\":512,\"caption\":\"Sr.Vinho\"},\"image\":{\"@id\":\"https:\/\/www.srvinho.com\/en\/#\/schema\/logo\/image\/\"},\"sameAs\":[\"https:\/\/www.facebook.com\/Sr.Vinho.Fado\",\"https:\/\/www.instagram.com\/sr_vinho\/\"]},{\"@type\":\"Person\",\"@id\":\"https:\/\/www.srvinho.com\/en\/#\/schema\/person\/6a8e0edfd8e5230bc86146fadf475518\",\"name\":\"Sr.Vinho\",\"image\":{\"@type\":\"ImageObject\",\"inLanguage\":\"en-GB\",\"@id\":\"https:\/\/www.srvinho.com\/en\/#\/schema\/person\/image\/\",\"url\":\"https:\/\/secure.gravatar.com\/avatar\/6f4736db73c4183e275cffea0860d12d?s=96&d=mm&r=g\",\"contentUrl\":\"https:\/\/secure.gravatar.com\/avatar\/6f4736db73c4183e275cffea0860d12d?s=96&d=mm&r=g\",\"caption\":\"Sr.Vinho\"},\"sameAs\":[\"https:\/\/www.srvinho.com\"],\"url\":\"https:\/\/www.srvinho.com\/en\/author\/32AvR4kiZ\/\"}]}<\/script>\n<!-- \/ Yoast SEO plugin. -->","yoast_head_json":{"title":"Restaurante Sr.Vinho","description":"A mais tradicional das casas de Fado de Lisboa. Com excelente gastronomia portuguesa, um requintado servi\u00e7o de mesas e um magnifico elenco. Fundado em 1975 por Jos\u00e9 Lu\u00eds Gordo, Maria da F\u00e9 e Ant\u00f3nio Melo Correia.","robots":{"index":"index","follow":"follow","max-snippet":"max-snippet:-1","max-image-preview":"max-image-preview:large","max-video-preview":"max-video-preview:-1"},"canonical":"https:\/\/www.srvinho.com\/en\/catia-garcia\/","og_locale":"en_GB","og_type":"article","og_title":"Restaurante Sr.Vinho","og_description":"A mais tradicional das casas de Fado de Lisboa. Com excelente gastronomia portuguesa, um requintado servi\u00e7o de mesas e um magnifico elenco. Fundado em 1975 por Jos\u00e9 Lu\u00eds Gordo, Maria da F\u00e9 e Ant\u00f3nio Melo Correia.","og_url":"https:\/\/www.srvinho.com\/en\/catia-garcia\/","og_site_name":"Sr.Vinho","article_publisher":"https:\/\/www.facebook.com\/Sr.Vinho.Fado","article_published_time":"2024-07-12T16:55:41+00:00","article_modified_time":"2024-11-04T16:19:02+00:00","og_image":[{"url":"https:\/\/www.srvinho.com\/wp-content\/uploads\/2024\/11\/elenco-catiaggarcia-02-300x283.jpg","type":"","width":"","height":""}],"author":"Sr.Vinho","twitter_card":"summary_large_image","twitter_misc":{"Written by":"Sr.Vinho","Estimated reading time":"2 minutes"},"schema":{"@context":"https:\/\/schema.org","@graph":[{"@type":"Article","@id":"https:\/\/www.srvinho.com\/catia-garcia\/#article","isPartOf":{"@id":"https:\/\/www.srvinho.com\/catia-garcia\/"},"author":{"name":"Sr.Vinho","@id":"https:\/\/www.srvinho.com\/en\/#\/schema\/person\/6a8e0edfd8e5230bc86146fadf475518"},"headline":"C\u00e1tia Garcia","datePublished":"2024-07-12T16:55:41+00:00","dateModified":"2024-11-04T16:19:02+00:00","mainEntityOfPage":{"@id":"https:\/\/www.srvinho.com\/catia-garcia\/"},"wordCount":169,"publisher":{"@id":"https:\/\/www.srvinho.com\/en\/#organization"},"image":{"@id":"https:\/\/www.srvinho.com\/catia-garcia\/#primaryimage"},"thumbnailUrl":"https:\/\/www.srvinho.com\/wp-content\/uploads\/2024\/11\/elenco-catiaggarcia-02-300x283.jpg","articleSection":["Elenco"],"inLanguage":"en-GB"},{"@type":"WebPage","@id":"https:\/\/www.srvinho.com\/catia-garcia\/","url":"https:\/\/www.srvinho.com\/catia-garcia\/","name":"Restaurante Sr.Vinho","isPartOf":{"@id":"https:\/\/www.srvinho.com\/en\/#website"},"primaryImageOfPage":{"@id":"https:\/\/www.srvinho.com\/catia-garcia\/#primaryimage"},"image":{"@id":"https:\/\/www.srvinho.com\/catia-garcia\/#primaryimage"},"thumbnailUrl":"https:\/\/www.srvinho.com\/wp-content\/uploads\/2024\/11\/elenco-catiaggarcia-02-300x283.jpg","datePublished":"2024-07-12T16:55:41+00:00","dateModified":"2024-11-04T16:19:02+00:00","description":"A mais tradicional das casas de Fado de Lisboa. Com excelente gastronomia portuguesa, um requintado servi\u00e7o de mesas e um magnifico elenco. Fundado em 1975 por Jos\u00e9 Lu\u00eds Gordo, Maria da F\u00e9 e Ant\u00f3nio Melo Correia.","breadcrumb":{"@id":"https:\/\/www.srvinho.com\/catia-garcia\/#breadcrumb"},"inLanguage":"en-GB","potentialAction":[{"@type":"ReadAction","target":["https:\/\/www.srvinho.com\/catia-garcia\/"]}]},{"@type":"ImageObject","inLanguage":"en-GB","@id":"https:\/\/www.srvinho.com\/catia-garcia\/#primaryimage","url":"https:\/\/www.srvinho.com\/wp-content\/uploads\/2024\/11\/elenco-catiaggarcia-02-300x283.jpg","contentUrl":"https:\/\/www.srvinho.com\/wp-content\/uploads\/2024\/11\/elenco-catiaggarcia-02-300x283.jpg"},{"@type":"BreadcrumbList","@id":"https:\/\/www.srvinho.com\/catia-garcia\/#breadcrumb","itemListElement":[{"@type":"ListItem","position":1,"name":"In\u00edcio","item":"https:\/\/www.srvinho.com\/"},{"@type":"ListItem","position":2,"name":"C\u00e1tia Garcia"}]},{"@type":"WebSite","@id":"https:\/\/www.srvinho.com\/en\/#website","url":"https:\/\/www.srvinho.com\/en\/","name":"Sr.Vinho","description":"Sr.Vinho","publisher":{"@id":"https:\/\/www.srvinho.com\/en\/#organization"},"potentialAction":[{"@type":"SearchAction","target":{"@type":"EntryPoint","urlTemplate":"https:\/\/www.srvinho.com\/en\/?s={search_term_string}"},"query-input":{"@type":"PropertyValueSpecification","valueRequired":true,"valueName":"search_term_string"}}],"inLanguage":"en-GB"},{"@type":"Organization","@id":"https:\/\/www.srvinho.com\/en\/#organization","name":"Sr.Vinho","url":"https:\/\/www.srvinho.com\/en\/","logo":{"@type":"ImageObject","inLanguage":"en-GB","@id":"https:\/\/www.srvinho.com\/en\/#\/schema\/logo\/image\/","url":"https:\/\/www.srvinho.com\/wp-content\/uploads\/2022\/10\/cropped-faviconSRVinho.jpg","contentUrl":"https:\/\/www.srvinho.com\/wp-content\/uploads\/2022\/10\/cropped-faviconSRVinho.jpg","width":512,"height":512,"caption":"Sr.Vinho"},"image":{"@id":"https:\/\/www.srvinho.com\/en\/#\/schema\/logo\/image\/"},"sameAs":["https:\/\/www.facebook.com\/Sr.Vinho.Fado","https:\/\/www.instagram.com\/sr_vinho\/"]},{"@type":"Person","@id":"https:\/\/www.srvinho.com\/en\/#\/schema\/person\/6a8e0edfd8e5230bc86146fadf475518","name":"Sr.Vinho","image":{"@type":"ImageObject","inLanguage":"en-GB","@id":"https:\/\/www.srvinho.com\/en\/#\/schema\/person\/image\/","url":"https:\/\/secure.gravatar.com\/avatar\/6f4736db73c4183e275cffea0860d12d?s=96&d=mm&r=g","contentUrl":"https:\/\/secure.gravatar.com\/avatar\/6f4736db73c4183e275cffea0860d12d?s=96&d=mm&r=g","caption":"Sr.Vinho"},"sameAs":["https:\/\/www.srvinho.com"],"url":"https:\/\/www.srvinho.com\/en\/author\/32AvR4kiZ\/"}]}},"_links":{"self":[{"href":"https:\/\/www.srvinho.com\/en\/wp-json\/wp\/v2\/posts\/7914","targetHints":{"allow":["GET"]}}],"collection":[{"href":"https:\/\/www.srvinho.com\/en\/wp-json\/wp\/v2\/posts"}],"about":[{"href":"https:\/\/www.srvinho.com\/en\/wp-json\/wp\/v2\/types\/post"}],"author":[{"embeddable":true,"href":"https:\/\/www.srvinho.com\/en\/wp-json\/wp\/v2\/users\/1"}],"replies":[{"embeddable":true,"href":"https:\/\/www.srvinho.com\/en\/wp-json\/wp\/v2\/comments?post=7914"}],"version-history":[{"count":2,"href":"https:\/\/www.srvinho.com\/en\/wp-json\/wp\/v2\/posts\/7914\/revisions"}],"predecessor-version":[{"id":7937,"href":"https:\/\/www.srvinho.com\/en\/wp-json\/wp\/v2\/posts\/7914\/revisions\/7937"}],"wp:attachment":[{"href":"https:\/\/www.srvinho.com\/en\/wp-json\/wp\/v2\/media?parent=7914"}],"wp:term":[{"taxonomy":"category","embeddable":true,"href":"https:\/\/www.srvinho.com\/en\/wp-json\/wp\/v2\/categories?post=7914"},{"taxonomy":"post_tag","embeddable":true,"href":"https:\/\/www.srvinho.com\/en\/wp-json\/wp\/v2\/tags?post=7914"}],"curies":[{"name":"wp","href":"https:\/\/api.w.org\/{rel}","templated":true}]}}