{"id":7302,"date":"2022-10-17T15:45:29","date_gmt":"2022-10-17T15:45:29","guid":{"rendered":"https:\/\/www.srvinho.com\/?p=7302"},"modified":"2022-12-07T22:58:04","modified_gmt":"2022-12-07T22:58:04","slug":"francisco-salvacao-barreto","status":"publish","type":"post","link":"https:\/\/www.srvinho.com\/en\/francisco-salvacao-barreto\/","title":{"rendered":"Francisco Salva\u00e7\u00e3o Barreto"},"content":{"rendered":"<p>He began singing at a young age among family and friends and, naturally, Fado became part of her life. He performs in Fado houses and in various shows both in Portugal and abroad. He is deeply influenced by traditional Fado, which serves as the foundation for her interpretations of the words of great names in literature and Fado<\/p>\r\n\r\n\r\n\r\n<figure class=\"wp-block-image alignleft size-full\"><img fetchpriority=\"high\" decoding=\"async\" width=\"414\" height=\"390\" class=\"wp-image-7306\" src=\"https:\/\/www.srvinho.com\/wp-content\/uploads\/2022\/10\/elenco-francisco.jpg\" alt=\"\" srcset=\"https:\/\/www.srvinho.com\/wp-content\/uploads\/2022\/10\/elenco-francisco.jpg 414w, https:\/\/www.srvinho.com\/wp-content\/uploads\/2022\/10\/elenco-francisco-300x283.jpg 300w, https:\/\/www.srvinho.com\/wp-content\/uploads\/2022\/10\/elenco-francisco-256x241.jpg 256w, https:\/\/www.srvinho.com\/wp-content\/uploads\/2022\/10\/elenco-francisco-70x66.jpg 70w\" sizes=\"(max-width: 414px) 100vw, 414px\" \/>\r\n<figcaption>Fadista<\/figcaption>\r\n<\/figure>\r\n\r\n\r\n\r\n<p>The year 2018 was marked by the release of his first album, Horas da Vida, with the Museu do Fado Discos label.\u00a0<\/p>\r\n<p>In the words of Caman\u00e9, who directed the vocals for his debut album: \"his authentic style has established itself in his way of singing. For years, he matured in Fado houses and through contact with other singers. This was his school. Today, his maturity is revealed in the way he recreates the tempo of traditional Fados\u2014with a faster rhythm, but without ever losing the meaning of the words or the strength of an emotional delivery.\"<\/p>","protected":false},"excerpt":{"rendered":"<p>Come\u00e7ou a cantar aos 14 anos, entre a fam\u00edlia e amigos. \u00c9 arquitecto paisagista num atelier em Lisboa. Participou em v\u00e1rios eventos no Pa\u00eds e no estrangeiro, a convite de embaixadas por ocasi\u00e3o da Presid\u00eancia Portuguesa da Uni\u00e3o Europeia,<\/p>","protected":false},"author":1,"featured_media":0,"comment_status":"closed","ping_status":"closed","sticky":false,"template":"","format":"standard","meta":{"footnotes":""},"categories":[145],"tags":[],"class_list":["post-7302","post","type-post","status-publish","format-standard","hentry","category-elenco"],"yoast_head":"<!-- This site is optimized with the Yoast SEO plugin v26.4 - https:\/\/yoast.com\/wordpress\/plugins\/seo\/ -->\n<title>Restaurante Sr.Vinho<\/title>\n<meta name=\"description\" content=\"A mais tradicional das casas de Fado de Lisboa. Com excelente gastronomia portuguesa, um requintado servi\u00e7o de mesas e um magnifico elenco. Fundado em 1975 por Jos\u00e9 Lu\u00eds Gordo, Maria da F\u00e9 e Ant\u00f3nio Melo Correia.\" \/>\n<meta name=\"robots\" content=\"index, follow, max-snippet:-1, max-image-preview:large, max-video-preview:-1\" \/>\n<link rel=\"canonical\" href=\"https:\/\/www.srvinho.com\/en\/francisco-salvacao-barreto\/\" \/>\n<meta property=\"og:locale\" content=\"en_GB\" \/>\n<meta property=\"og:type\" content=\"article\" \/>\n<meta property=\"og:title\" content=\"Restaurante Sr.Vinho\" \/>\n<meta property=\"og:description\" content=\"A mais tradicional das casas de Fado de Lisboa. Com excelente gastronomia portuguesa, um requintado servi\u00e7o de mesas e um magnifico elenco. Fundado em 1975 por Jos\u00e9 Lu\u00eds Gordo, Maria da F\u00e9 e Ant\u00f3nio Melo Correia.\" \/>\n<meta property=\"og:url\" content=\"https:\/\/www.srvinho.com\/en\/francisco-salvacao-barreto\/\" \/>\n<meta property=\"og:site_name\" content=\"Sr.Vinho\" \/>\n<meta property=\"article:publisher\" content=\"https:\/\/www.facebook.com\/Sr.Vinho.Fado\" \/>\n<meta property=\"article:published_time\" content=\"2022-10-17T15:45:29+00:00\" \/>\n<meta property=\"article:modified_time\" content=\"2022-12-07T22:58:04+00:00\" \/>\n<meta property=\"og:image\" content=\"https:\/\/www.srvinho.com\/wp-content\/uploads\/2022\/10\/elenco-francisco.jpg\" \/>\n<meta name=\"author\" content=\"Sr.Vinho\" \/>\n<meta name=\"twitter:card\" content=\"summary_large_image\" \/>\n<meta name=\"twitter:label1\" content=\"Written by\" \/>\n\t<meta name=\"twitter:data1\" content=\"Sr.Vinho\" \/>\n\t<meta name=\"twitter:label2\" content=\"Estimated reading time\" \/>\n\t<meta name=\"twitter:data2\" content=\"2 minutes\" \/>\n<script type=\"application\/ld+json\" class=\"yoast-schema-graph\">{\"@context\":\"https:\/\/schema.org\",\"@graph\":[{\"@type\":\"Article\",\"@id\":\"https:\/\/www.srvinho.com\/francisco-salvacao-barreto\/#article\",\"isPartOf\":{\"@id\":\"https:\/\/www.srvinho.com\/francisco-salvacao-barreto\/\"},\"author\":{\"name\":\"Sr.Vinho\",\"@id\":\"https:\/\/www.srvinho.com\/en\/#\/schema\/person\/6a8e0edfd8e5230bc86146fadf475518\"},\"headline\":\"Francisco Salva\u00e7\u00e3o Barreto\",\"datePublished\":\"2022-10-17T15:45:29+00:00\",\"dateModified\":\"2022-12-07T22:58:04+00:00\",\"mainEntityOfPage\":{\"@id\":\"https:\/\/www.srvinho.com\/francisco-salvacao-barreto\/\"},\"wordCount\":170,\"publisher\":{\"@id\":\"https:\/\/www.srvinho.com\/en\/#organization\"},\"image\":{\"@id\":\"https:\/\/www.srvinho.com\/francisco-salvacao-barreto\/#primaryimage\"},\"thumbnailUrl\":\"https:\/\/www.srvinho.com\/wp-content\/uploads\/2022\/10\/elenco-francisco.jpg\",\"articleSection\":[\"Elenco\"],\"inLanguage\":\"en-GB\"},{\"@type\":\"WebPage\",\"@id\":\"https:\/\/www.srvinho.com\/francisco-salvacao-barreto\/\",\"url\":\"https:\/\/www.srvinho.com\/francisco-salvacao-barreto\/\",\"name\":\"Restaurante Sr.Vinho\",\"isPartOf\":{\"@id\":\"https:\/\/www.srvinho.com\/en\/#website\"},\"primaryImageOfPage\":{\"@id\":\"https:\/\/www.srvinho.com\/francisco-salvacao-barreto\/#primaryimage\"},\"image\":{\"@id\":\"https:\/\/www.srvinho.com\/francisco-salvacao-barreto\/#primaryimage\"},\"thumbnailUrl\":\"https:\/\/www.srvinho.com\/wp-content\/uploads\/2022\/10\/elenco-francisco.jpg\",\"datePublished\":\"2022-10-17T15:45:29+00:00\",\"dateModified\":\"2022-12-07T22:58:04+00:00\",\"description\":\"A mais tradicional das casas de Fado de Lisboa. Com excelente gastronomia portuguesa, um requintado servi\u00e7o de mesas e um magnifico elenco. Fundado em 1975 por Jos\u00e9 Lu\u00eds Gordo, Maria da F\u00e9 e Ant\u00f3nio Melo Correia.\",\"breadcrumb\":{\"@id\":\"https:\/\/www.srvinho.com\/francisco-salvacao-barreto\/#breadcrumb\"},\"inLanguage\":\"en-GB\",\"potentialAction\":[{\"@type\":\"ReadAction\",\"target\":[\"https:\/\/www.srvinho.com\/francisco-salvacao-barreto\/\"]}]},{\"@type\":\"ImageObject\",\"inLanguage\":\"en-GB\",\"@id\":\"https:\/\/www.srvinho.com\/francisco-salvacao-barreto\/#primaryimage\",\"url\":\"https:\/\/www.srvinho.com\/wp-content\/uploads\/2022\/10\/elenco-francisco.jpg\",\"contentUrl\":\"https:\/\/www.srvinho.com\/wp-content\/uploads\/2022\/10\/elenco-francisco.jpg\"},{\"@type\":\"BreadcrumbList\",\"@id\":\"https:\/\/www.srvinho.com\/francisco-salvacao-barreto\/#breadcrumb\",\"itemListElement\":[{\"@type\":\"ListItem\",\"position\":1,\"name\":\"In\u00edcio\",\"item\":\"https:\/\/www.srvinho.com\/\"},{\"@type\":\"ListItem\",\"position\":2,\"name\":\"Francisco Salva\u00e7\u00e3o Barreto\"}]},{\"@type\":\"WebSite\",\"@id\":\"https:\/\/www.srvinho.com\/en\/#website\",\"url\":\"https:\/\/www.srvinho.com\/en\/\",\"name\":\"Sr.Vinho\",\"description\":\"Sr.Vinho\",\"publisher\":{\"@id\":\"https:\/\/www.srvinho.com\/en\/#organization\"},\"potentialAction\":[{\"@type\":\"SearchAction\",\"target\":{\"@type\":\"EntryPoint\",\"urlTemplate\":\"https:\/\/www.srvinho.com\/en\/?s={search_term_string}\"},\"query-input\":{\"@type\":\"PropertyValueSpecification\",\"valueRequired\":true,\"valueName\":\"search_term_string\"}}],\"inLanguage\":\"en-GB\"},{\"@type\":\"Organization\",\"@id\":\"https:\/\/www.srvinho.com\/en\/#organization\",\"name\":\"Sr.Vinho\",\"url\":\"https:\/\/www.srvinho.com\/en\/\",\"logo\":{\"@type\":\"ImageObject\",\"inLanguage\":\"en-GB\",\"@id\":\"https:\/\/www.srvinho.com\/en\/#\/schema\/logo\/image\/\",\"url\":\"https:\/\/www.srvinho.com\/wp-content\/uploads\/2022\/10\/cropped-faviconSRVinho.jpg\",\"contentUrl\":\"https:\/\/www.srvinho.com\/wp-content\/uploads\/2022\/10\/cropped-faviconSRVinho.jpg\",\"width\":512,\"height\":512,\"caption\":\"Sr.Vinho\"},\"image\":{\"@id\":\"https:\/\/www.srvinho.com\/en\/#\/schema\/logo\/image\/\"},\"sameAs\":[\"https:\/\/www.facebook.com\/Sr.Vinho.Fado\",\"https:\/\/www.instagram.com\/sr_vinho\/\"]},{\"@type\":\"Person\",\"@id\":\"https:\/\/www.srvinho.com\/en\/#\/schema\/person\/6a8e0edfd8e5230bc86146fadf475518\",\"name\":\"Sr.Vinho\",\"image\":{\"@type\":\"ImageObject\",\"inLanguage\":\"en-GB\",\"@id\":\"https:\/\/www.srvinho.com\/en\/#\/schema\/person\/image\/\",\"url\":\"https:\/\/secure.gravatar.com\/avatar\/6f4736db73c4183e275cffea0860d12d?s=96&d=mm&r=g\",\"contentUrl\":\"https:\/\/secure.gravatar.com\/avatar\/6f4736db73c4183e275cffea0860d12d?s=96&d=mm&r=g\",\"caption\":\"Sr.Vinho\"},\"sameAs\":[\"https:\/\/www.srvinho.com\"],\"url\":\"https:\/\/www.srvinho.com\/en\/author\/32AvR4kiZ\/\"}]}<\/script>\n<!-- \/ Yoast SEO plugin. -->","yoast_head_json":{"title":"Restaurante Sr.Vinho","description":"A mais tradicional das casas de Fado de Lisboa. Com excelente gastronomia portuguesa, um requintado servi\u00e7o de mesas e um magnifico elenco. Fundado em 1975 por Jos\u00e9 Lu\u00eds Gordo, Maria da F\u00e9 e Ant\u00f3nio Melo Correia.","robots":{"index":"index","follow":"follow","max-snippet":"max-snippet:-1","max-image-preview":"max-image-preview:large","max-video-preview":"max-video-preview:-1"},"canonical":"https:\/\/www.srvinho.com\/en\/francisco-salvacao-barreto\/","og_locale":"en_GB","og_type":"article","og_title":"Restaurante Sr.Vinho","og_description":"A mais tradicional das casas de Fado de Lisboa. Com excelente gastronomia portuguesa, um requintado servi\u00e7o de mesas e um magnifico elenco. Fundado em 1975 por Jos\u00e9 Lu\u00eds Gordo, Maria da F\u00e9 e Ant\u00f3nio Melo Correia.","og_url":"https:\/\/www.srvinho.com\/en\/francisco-salvacao-barreto\/","og_site_name":"Sr.Vinho","article_publisher":"https:\/\/www.facebook.com\/Sr.Vinho.Fado","article_published_time":"2022-10-17T15:45:29+00:00","article_modified_time":"2022-12-07T22:58:04+00:00","og_image":[{"url":"https:\/\/www.srvinho.com\/wp-content\/uploads\/2022\/10\/elenco-francisco.jpg","type":"","width":"","height":""}],"author":"Sr.Vinho","twitter_card":"summary_large_image","twitter_misc":{"Written by":"Sr.Vinho","Estimated reading time":"2 minutes"},"schema":{"@context":"https:\/\/schema.org","@graph":[{"@type":"Article","@id":"https:\/\/www.srvinho.com\/francisco-salvacao-barreto\/#article","isPartOf":{"@id":"https:\/\/www.srvinho.com\/francisco-salvacao-barreto\/"},"author":{"name":"Sr.Vinho","@id":"https:\/\/www.srvinho.com\/en\/#\/schema\/person\/6a8e0edfd8e5230bc86146fadf475518"},"headline":"Francisco Salva\u00e7\u00e3o Barreto","datePublished":"2022-10-17T15:45:29+00:00","dateModified":"2022-12-07T22:58:04+00:00","mainEntityOfPage":{"@id":"https:\/\/www.srvinho.com\/francisco-salvacao-barreto\/"},"wordCount":170,"publisher":{"@id":"https:\/\/www.srvinho.com\/en\/#organization"},"image":{"@id":"https:\/\/www.srvinho.com\/francisco-salvacao-barreto\/#primaryimage"},"thumbnailUrl":"https:\/\/www.srvinho.com\/wp-content\/uploads\/2022\/10\/elenco-francisco.jpg","articleSection":["Elenco"],"inLanguage":"en-GB"},{"@type":"WebPage","@id":"https:\/\/www.srvinho.com\/francisco-salvacao-barreto\/","url":"https:\/\/www.srvinho.com\/francisco-salvacao-barreto\/","name":"Restaurante Sr.Vinho","isPartOf":{"@id":"https:\/\/www.srvinho.com\/en\/#website"},"primaryImageOfPage":{"@id":"https:\/\/www.srvinho.com\/francisco-salvacao-barreto\/#primaryimage"},"image":{"@id":"https:\/\/www.srvinho.com\/francisco-salvacao-barreto\/#primaryimage"},"thumbnailUrl":"https:\/\/www.srvinho.com\/wp-content\/uploads\/2022\/10\/elenco-francisco.jpg","datePublished":"2022-10-17T15:45:29+00:00","dateModified":"2022-12-07T22:58:04+00:00","description":"A mais tradicional das casas de Fado de Lisboa. Com excelente gastronomia portuguesa, um requintado servi\u00e7o de mesas e um magnifico elenco. Fundado em 1975 por Jos\u00e9 Lu\u00eds Gordo, Maria da F\u00e9 e Ant\u00f3nio Melo Correia.","breadcrumb":{"@id":"https:\/\/www.srvinho.com\/francisco-salvacao-barreto\/#breadcrumb"},"inLanguage":"en-GB","potentialAction":[{"@type":"ReadAction","target":["https:\/\/www.srvinho.com\/francisco-salvacao-barreto\/"]}]},{"@type":"ImageObject","inLanguage":"en-GB","@id":"https:\/\/www.srvinho.com\/francisco-salvacao-barreto\/#primaryimage","url":"https:\/\/www.srvinho.com\/wp-content\/uploads\/2022\/10\/elenco-francisco.jpg","contentUrl":"https:\/\/www.srvinho.com\/wp-content\/uploads\/2022\/10\/elenco-francisco.jpg"},{"@type":"BreadcrumbList","@id":"https:\/\/www.srvinho.com\/francisco-salvacao-barreto\/#breadcrumb","itemListElement":[{"@type":"ListItem","position":1,"name":"In\u00edcio","item":"https:\/\/www.srvinho.com\/"},{"@type":"ListItem","position":2,"name":"Francisco Salva\u00e7\u00e3o Barreto"}]},{"@type":"WebSite","@id":"https:\/\/www.srvinho.com\/en\/#website","url":"https:\/\/www.srvinho.com\/en\/","name":"Sr.Vinho","description":"Sr.Vinho","publisher":{"@id":"https:\/\/www.srvinho.com\/en\/#organization"},"potentialAction":[{"@type":"SearchAction","target":{"@type":"EntryPoint","urlTemplate":"https:\/\/www.srvinho.com\/en\/?s={search_term_string}"},"query-input":{"@type":"PropertyValueSpecification","valueRequired":true,"valueName":"search_term_string"}}],"inLanguage":"en-GB"},{"@type":"Organization","@id":"https:\/\/www.srvinho.com\/en\/#organization","name":"Sr.Vinho","url":"https:\/\/www.srvinho.com\/en\/","logo":{"@type":"ImageObject","inLanguage":"en-GB","@id":"https:\/\/www.srvinho.com\/en\/#\/schema\/logo\/image\/","url":"https:\/\/www.srvinho.com\/wp-content\/uploads\/2022\/10\/cropped-faviconSRVinho.jpg","contentUrl":"https:\/\/www.srvinho.com\/wp-content\/uploads\/2022\/10\/cropped-faviconSRVinho.jpg","width":512,"height":512,"caption":"Sr.Vinho"},"image":{"@id":"https:\/\/www.srvinho.com\/en\/#\/schema\/logo\/image\/"},"sameAs":["https:\/\/www.facebook.com\/Sr.Vinho.Fado","https:\/\/www.instagram.com\/sr_vinho\/"]},{"@type":"Person","@id":"https:\/\/www.srvinho.com\/en\/#\/schema\/person\/6a8e0edfd8e5230bc86146fadf475518","name":"Sr.Vinho","image":{"@type":"ImageObject","inLanguage":"en-GB","@id":"https:\/\/www.srvinho.com\/en\/#\/schema\/person\/image\/","url":"https:\/\/secure.gravatar.com\/avatar\/6f4736db73c4183e275cffea0860d12d?s=96&d=mm&r=g","contentUrl":"https:\/\/secure.gravatar.com\/avatar\/6f4736db73c4183e275cffea0860d12d?s=96&d=mm&r=g","caption":"Sr.Vinho"},"sameAs":["https:\/\/www.srvinho.com"],"url":"https:\/\/www.srvinho.com\/en\/author\/32AvR4kiZ\/"}]}},"_links":{"self":[{"href":"https:\/\/www.srvinho.com\/en\/wp-json\/wp\/v2\/posts\/7302","targetHints":{"allow":["GET"]}}],"collection":[{"href":"https:\/\/www.srvinho.com\/en\/wp-json\/wp\/v2\/posts"}],"about":[{"href":"https:\/\/www.srvinho.com\/en\/wp-json\/wp\/v2\/types\/post"}],"author":[{"embeddable":true,"href":"https:\/\/www.srvinho.com\/en\/wp-json\/wp\/v2\/users\/1"}],"replies":[{"embeddable":true,"href":"https:\/\/www.srvinho.com\/en\/wp-json\/wp\/v2\/comments?post=7302"}],"version-history":[{"count":3,"href":"https:\/\/www.srvinho.com\/en\/wp-json\/wp\/v2\/posts\/7302\/revisions"}],"predecessor-version":[{"id":7642,"href":"https:\/\/www.srvinho.com\/en\/wp-json\/wp\/v2\/posts\/7302\/revisions\/7642"}],"wp:attachment":[{"href":"https:\/\/www.srvinho.com\/en\/wp-json\/wp\/v2\/media?parent=7302"}],"wp:term":[{"taxonomy":"category","embeddable":true,"href":"https:\/\/www.srvinho.com\/en\/wp-json\/wp\/v2\/categories?post=7302"},{"taxonomy":"post_tag","embeddable":true,"href":"https:\/\/www.srvinho.com\/en\/wp-json\/wp\/v2\/tags?post=7302"}],"curies":[{"name":"wp","href":"https:\/\/api.w.org\/{rel}","templated":true}]}}