{"id":7289,"date":"2022-10-17T15:27:42","date_gmt":"2022-10-17T15:27:42","guid":{"rendered":"https:\/\/www.srvinho.com\/?p=7289"},"modified":"2022-11-03T16:00:16","modified_gmt":"2022-11-03T16:00:16","slug":"mariadafe","status":"publish","type":"post","link":"https:\/\/www.srvinho.com\/en\/mariadafe\/","title":{"rendered":"O Fado \u00e9 Maria da F\u00e9"},"content":{"rendered":"<p class=\"has-text-align-left\">Maria da F\u00e9 is one of the founders of the restaurant Sr. Vinho. Born in Porto on 25 May in the 1940s, she began singing Fado at the age of nine. Honoured with the most prestigious awards from radio, television and press critics, she received the Am\u00e1lia Award for Best Fado Performer in 2006.<br><br><\/p>\n\n\n<div class=\"wp-block-image\">\n<figure class=\"alignleft size-full\"><img fetchpriority=\"high\" decoding=\"async\" width=\"300\" height=\"360\" src=\"https:\/\/www.srvinho.com\/wp-content\/uploads\/2022\/10\/Sobre-nos-Team-01.jpg\" alt=\"Maria da F\u00e9\" class=\"wp-image-7272\" srcset=\"https:\/\/www.srvinho.com\/wp-content\/uploads\/2022\/10\/Sobre-nos-Team-01.jpg 300w, https:\/\/www.srvinho.com\/wp-content\/uploads\/2022\/10\/Sobre-nos-Team-01-250x300.jpg 250w, https:\/\/www.srvinho.com\/wp-content\/uploads\/2022\/10\/Sobre-nos-Team-01-256x307.jpg 256w, https:\/\/www.srvinho.com\/wp-content\/uploads\/2022\/10\/Sobre-nos-Team-01-58x70.jpg 58w\" sizes=\"(max-width: 300px) 100vw, 300px\" \/><figcaption class=\"wp-element-caption\">Artistic Director<\/figcaption><\/figure><\/div>\n\n\n<p>Maria da F\u00e9's discography is extensive; she has recorded numerous albums, and her name features in almost all Fado collections. Her greatest hits include \u201cCantarei At\u00e9 Que a Voz Me Doa\u201d, \u201cValeu a Pena\u201d, \u201cPrimeiro Amor\u201d, \u201cDivino Fado\u201d, \u201cFado Errado\u201d, \u201c\u00c9 Mentira\u201d, \u201cObrigado\u201d, among many others. Throughout her career of over 50 years\u2014celebrated in 2009 with performances at the Lisbon and Porto Coliseums\u2014she has performed in the world's most prestigious venues.<\/p>","protected":false},"excerpt":{"rendered":"<p>Maria da F\u00e9 is one of the founders of the restaurant Sr. Vinho. Born in Porto on 25 May in the 1940s, she began singing Fado at the age of nine. Honoured with the most prestigious awards from radio, television and press critics, she received the Am\u00e1lia Award for Best Fado Performer in 2006.<\/p>","protected":false},"author":1,"featured_media":0,"comment_status":"closed","ping_status":"closed","sticky":false,"template":"","format":"standard","meta":{"footnotes":""},"categories":[145],"tags":[],"class_list":["post-7289","post","type-post","status-publish","format-standard","hentry","category-elenco"],"yoast_head":"<!-- This site is optimized with the Yoast SEO plugin v26.4 - https:\/\/yoast.com\/wordpress\/plugins\/seo\/ -->\n<title>Restaurante Sr.Vinho<\/title>\n<meta name=\"description\" content=\"A mais tradicional das casas de Fado de Lisboa. Com excelente gastronomia portuguesa, um requintado servi\u00e7o de mesas e um magnifico elenco. Fundado em 1975 por Jos\u00e9 Lu\u00eds Gordo, Maria da F\u00e9 e Ant\u00f3nio Melo Correia.\" \/>\n<meta name=\"robots\" content=\"index, follow, max-snippet:-1, max-image-preview:large, max-video-preview:-1\" \/>\n<link rel=\"canonical\" href=\"https:\/\/www.srvinho.com\/en\/mariadafe\/\" \/>\n<meta property=\"og:locale\" content=\"en_GB\" \/>\n<meta property=\"og:type\" content=\"article\" \/>\n<meta property=\"og:title\" content=\"Restaurante Sr.Vinho\" \/>\n<meta property=\"og:description\" content=\"A mais tradicional das casas de Fado de Lisboa. Com excelente gastronomia portuguesa, um requintado servi\u00e7o de mesas e um magnifico elenco. Fundado em 1975 por Jos\u00e9 Lu\u00eds Gordo, Maria da F\u00e9 e Ant\u00f3nio Melo Correia.\" \/>\n<meta property=\"og:url\" content=\"https:\/\/www.srvinho.com\/en\/mariadafe\/\" \/>\n<meta property=\"og:site_name\" content=\"Sr.Vinho\" \/>\n<meta property=\"article:publisher\" content=\"https:\/\/www.facebook.com\/Sr.Vinho.Fado\" \/>\n<meta property=\"article:published_time\" content=\"2022-10-17T15:27:42+00:00\" \/>\n<meta property=\"article:modified_time\" content=\"2022-11-03T16:00:16+00:00\" \/>\n<meta property=\"og:image\" content=\"https:\/\/www.srvinho.com\/wp-content\/uploads\/2022\/10\/Sobre-nos-Team-01.jpg\" \/>\n<meta name=\"author\" content=\"Sr.Vinho\" \/>\n<meta name=\"twitter:card\" content=\"summary_large_image\" \/>\n<meta name=\"twitter:label1\" content=\"Written by\" \/>\n\t<meta name=\"twitter:data1\" content=\"Sr.Vinho\" \/>\n\t<meta name=\"twitter:label2\" content=\"Estimated reading time\" \/>\n\t<meta name=\"twitter:data2\" content=\"1 minute\" \/>\n<script type=\"application\/ld+json\" class=\"yoast-schema-graph\">{\"@context\":\"https:\/\/schema.org\",\"@graph\":[{\"@type\":\"Article\",\"@id\":\"https:\/\/www.srvinho.com\/en\/mariadafe\/#article\",\"isPartOf\":{\"@id\":\"https:\/\/www.srvinho.com\/en\/mariadafe\/\"},\"author\":{\"name\":\"Sr.Vinho\",\"@id\":\"https:\/\/www.srvinho.com\/en\/#\/schema\/person\/6a8e0edfd8e5230bc86146fadf475518\"},\"headline\":\"O Fado \u00e9 Maria da F\u00e9\",\"datePublished\":\"2022-10-17T15:27:42+00:00\",\"dateModified\":\"2022-11-03T16:00:16+00:00\",\"mainEntityOfPage\":{\"@id\":\"https:\/\/www.srvinho.com\/en\/mariadafe\/\"},\"wordCount\":151,\"publisher\":{\"@id\":\"https:\/\/www.srvinho.com\/en\/#organization\"},\"image\":{\"@id\":\"https:\/\/www.srvinho.com\/en\/mariadafe\/#primaryimage\"},\"thumbnailUrl\":\"https:\/\/www.srvinho.com\/wp-content\/uploads\/2022\/10\/Sobre-nos-Team-01.jpg\",\"articleSection\":[\"Elenco\"],\"inLanguage\":\"en-GB\"},{\"@type\":\"WebPage\",\"@id\":\"https:\/\/www.srvinho.com\/en\/mariadafe\/\",\"url\":\"https:\/\/www.srvinho.com\/en\/mariadafe\/\",\"name\":\"Restaurante Sr.Vinho\",\"isPartOf\":{\"@id\":\"https:\/\/www.srvinho.com\/en\/#website\"},\"primaryImageOfPage\":{\"@id\":\"https:\/\/www.srvinho.com\/en\/mariadafe\/#primaryimage\"},\"image\":{\"@id\":\"https:\/\/www.srvinho.com\/en\/mariadafe\/#primaryimage\"},\"thumbnailUrl\":\"https:\/\/www.srvinho.com\/wp-content\/uploads\/2022\/10\/Sobre-nos-Team-01.jpg\",\"datePublished\":\"2022-10-17T15:27:42+00:00\",\"dateModified\":\"2022-11-03T16:00:16+00:00\",\"description\":\"A mais tradicional das casas de Fado de Lisboa. Com excelente gastronomia portuguesa, um requintado servi\u00e7o de mesas e um magnifico elenco. Fundado em 1975 por Jos\u00e9 Lu\u00eds Gordo, Maria da F\u00e9 e Ant\u00f3nio Melo Correia.\",\"breadcrumb\":{\"@id\":\"https:\/\/www.srvinho.com\/en\/mariadafe\/#breadcrumb\"},\"inLanguage\":\"en-GB\",\"potentialAction\":[{\"@type\":\"ReadAction\",\"target\":[\"https:\/\/www.srvinho.com\/en\/mariadafe\/\"]}]},{\"@type\":\"ImageObject\",\"inLanguage\":\"en-GB\",\"@id\":\"https:\/\/www.srvinho.com\/en\/mariadafe\/#primaryimage\",\"url\":\"https:\/\/www.srvinho.com\/wp-content\/uploads\/2022\/10\/Sobre-nos-Team-01.jpg\",\"contentUrl\":\"https:\/\/www.srvinho.com\/wp-content\/uploads\/2022\/10\/Sobre-nos-Team-01.jpg\"},{\"@type\":\"BreadcrumbList\",\"@id\":\"https:\/\/www.srvinho.com\/en\/mariadafe\/#breadcrumb\",\"itemListElement\":[{\"@type\":\"ListItem\",\"position\":1,\"name\":\"In\u00edcio\",\"item\":\"https:\/\/www.srvinho.com\/\"},{\"@type\":\"ListItem\",\"position\":2,\"name\":\"O Fado \u00e9 Maria da F\u00e9\"}]},{\"@type\":\"WebSite\",\"@id\":\"https:\/\/www.srvinho.com\/en\/#website\",\"url\":\"https:\/\/www.srvinho.com\/en\/\",\"name\":\"Sr.Vinho\",\"description\":\"Sr.Vinho\",\"publisher\":{\"@id\":\"https:\/\/www.srvinho.com\/en\/#organization\"},\"potentialAction\":[{\"@type\":\"SearchAction\",\"target\":{\"@type\":\"EntryPoint\",\"urlTemplate\":\"https:\/\/www.srvinho.com\/en\/?s={search_term_string}\"},\"query-input\":{\"@type\":\"PropertyValueSpecification\",\"valueRequired\":true,\"valueName\":\"search_term_string\"}}],\"inLanguage\":\"en-GB\"},{\"@type\":\"Organization\",\"@id\":\"https:\/\/www.srvinho.com\/en\/#organization\",\"name\":\"Sr.Vinho\",\"url\":\"https:\/\/www.srvinho.com\/en\/\",\"logo\":{\"@type\":\"ImageObject\",\"inLanguage\":\"en-GB\",\"@id\":\"https:\/\/www.srvinho.com\/en\/#\/schema\/logo\/image\/\",\"url\":\"https:\/\/www.srvinho.com\/wp-content\/uploads\/2022\/10\/cropped-faviconSRVinho.jpg\",\"contentUrl\":\"https:\/\/www.srvinho.com\/wp-content\/uploads\/2022\/10\/cropped-faviconSRVinho.jpg\",\"width\":512,\"height\":512,\"caption\":\"Sr.Vinho\"},\"image\":{\"@id\":\"https:\/\/www.srvinho.com\/en\/#\/schema\/logo\/image\/\"},\"sameAs\":[\"https:\/\/www.facebook.com\/Sr.Vinho.Fado\",\"https:\/\/www.instagram.com\/sr_vinho\/\"]},{\"@type\":\"Person\",\"@id\":\"https:\/\/www.srvinho.com\/en\/#\/schema\/person\/6a8e0edfd8e5230bc86146fadf475518\",\"name\":\"Sr.Vinho\",\"image\":{\"@type\":\"ImageObject\",\"inLanguage\":\"en-GB\",\"@id\":\"https:\/\/www.srvinho.com\/en\/#\/schema\/person\/image\/\",\"url\":\"https:\/\/secure.gravatar.com\/avatar\/6f4736db73c4183e275cffea0860d12d?s=96&d=mm&r=g\",\"contentUrl\":\"https:\/\/secure.gravatar.com\/avatar\/6f4736db73c4183e275cffea0860d12d?s=96&d=mm&r=g\",\"caption\":\"Sr.Vinho\"},\"sameAs\":[\"https:\/\/www.srvinho.com\"],\"url\":\"https:\/\/www.srvinho.com\/en\/author\/32AvR4kiZ\/\"}]}<\/script>\n<!-- \/ Yoast SEO plugin. -->","yoast_head_json":{"title":"Restaurante Sr.Vinho","description":"A mais tradicional das casas de Fado de Lisboa. Com excelente gastronomia portuguesa, um requintado servi\u00e7o de mesas e um magnifico elenco. Fundado em 1975 por Jos\u00e9 Lu\u00eds Gordo, Maria da F\u00e9 e Ant\u00f3nio Melo Correia.","robots":{"index":"index","follow":"follow","max-snippet":"max-snippet:-1","max-image-preview":"max-image-preview:large","max-video-preview":"max-video-preview:-1"},"canonical":"https:\/\/www.srvinho.com\/en\/mariadafe\/","og_locale":"en_GB","og_type":"article","og_title":"Restaurante Sr.Vinho","og_description":"A mais tradicional das casas de Fado de Lisboa. Com excelente gastronomia portuguesa, um requintado servi\u00e7o de mesas e um magnifico elenco. Fundado em 1975 por Jos\u00e9 Lu\u00eds Gordo, Maria da F\u00e9 e Ant\u00f3nio Melo Correia.","og_url":"https:\/\/www.srvinho.com\/en\/mariadafe\/","og_site_name":"Sr.Vinho","article_publisher":"https:\/\/www.facebook.com\/Sr.Vinho.Fado","article_published_time":"2022-10-17T15:27:42+00:00","article_modified_time":"2022-11-03T16:00:16+00:00","og_image":[{"url":"https:\/\/www.srvinho.com\/wp-content\/uploads\/2022\/10\/Sobre-nos-Team-01.jpg","type":"","width":"","height":""}],"author":"Sr.Vinho","twitter_card":"summary_large_image","twitter_misc":{"Written by":"Sr.Vinho","Estimated reading time":"1 minute"},"schema":{"@context":"https:\/\/schema.org","@graph":[{"@type":"Article","@id":"https:\/\/www.srvinho.com\/en\/mariadafe\/#article","isPartOf":{"@id":"https:\/\/www.srvinho.com\/en\/mariadafe\/"},"author":{"name":"Sr.Vinho","@id":"https:\/\/www.srvinho.com\/en\/#\/schema\/person\/6a8e0edfd8e5230bc86146fadf475518"},"headline":"O Fado \u00e9 Maria da F\u00e9","datePublished":"2022-10-17T15:27:42+00:00","dateModified":"2022-11-03T16:00:16+00:00","mainEntityOfPage":{"@id":"https:\/\/www.srvinho.com\/en\/mariadafe\/"},"wordCount":151,"publisher":{"@id":"https:\/\/www.srvinho.com\/en\/#organization"},"image":{"@id":"https:\/\/www.srvinho.com\/en\/mariadafe\/#primaryimage"},"thumbnailUrl":"https:\/\/www.srvinho.com\/wp-content\/uploads\/2022\/10\/Sobre-nos-Team-01.jpg","articleSection":["Elenco"],"inLanguage":"en-GB"},{"@type":"WebPage","@id":"https:\/\/www.srvinho.com\/en\/mariadafe\/","url":"https:\/\/www.srvinho.com\/en\/mariadafe\/","name":"Restaurante Sr.Vinho","isPartOf":{"@id":"https:\/\/www.srvinho.com\/en\/#website"},"primaryImageOfPage":{"@id":"https:\/\/www.srvinho.com\/en\/mariadafe\/#primaryimage"},"image":{"@id":"https:\/\/www.srvinho.com\/en\/mariadafe\/#primaryimage"},"thumbnailUrl":"https:\/\/www.srvinho.com\/wp-content\/uploads\/2022\/10\/Sobre-nos-Team-01.jpg","datePublished":"2022-10-17T15:27:42+00:00","dateModified":"2022-11-03T16:00:16+00:00","description":"A mais tradicional das casas de Fado de Lisboa. Com excelente gastronomia portuguesa, um requintado servi\u00e7o de mesas e um magnifico elenco. Fundado em 1975 por Jos\u00e9 Lu\u00eds Gordo, Maria da F\u00e9 e Ant\u00f3nio Melo Correia.","breadcrumb":{"@id":"https:\/\/www.srvinho.com\/en\/mariadafe\/#breadcrumb"},"inLanguage":"en-GB","potentialAction":[{"@type":"ReadAction","target":["https:\/\/www.srvinho.com\/en\/mariadafe\/"]}]},{"@type":"ImageObject","inLanguage":"en-GB","@id":"https:\/\/www.srvinho.com\/en\/mariadafe\/#primaryimage","url":"https:\/\/www.srvinho.com\/wp-content\/uploads\/2022\/10\/Sobre-nos-Team-01.jpg","contentUrl":"https:\/\/www.srvinho.com\/wp-content\/uploads\/2022\/10\/Sobre-nos-Team-01.jpg"},{"@type":"BreadcrumbList","@id":"https:\/\/www.srvinho.com\/en\/mariadafe\/#breadcrumb","itemListElement":[{"@type":"ListItem","position":1,"name":"In\u00edcio","item":"https:\/\/www.srvinho.com\/"},{"@type":"ListItem","position":2,"name":"O Fado \u00e9 Maria da F\u00e9"}]},{"@type":"WebSite","@id":"https:\/\/www.srvinho.com\/en\/#website","url":"https:\/\/www.srvinho.com\/en\/","name":"Sr.Vinho","description":"Sr.Vinho","publisher":{"@id":"https:\/\/www.srvinho.com\/en\/#organization"},"potentialAction":[{"@type":"SearchAction","target":{"@type":"EntryPoint","urlTemplate":"https:\/\/www.srvinho.com\/en\/?s={search_term_string}"},"query-input":{"@type":"PropertyValueSpecification","valueRequired":true,"valueName":"search_term_string"}}],"inLanguage":"en-GB"},{"@type":"Organization","@id":"https:\/\/www.srvinho.com\/en\/#organization","name":"Sr.Vinho","url":"https:\/\/www.srvinho.com\/en\/","logo":{"@type":"ImageObject","inLanguage":"en-GB","@id":"https:\/\/www.srvinho.com\/en\/#\/schema\/logo\/image\/","url":"https:\/\/www.srvinho.com\/wp-content\/uploads\/2022\/10\/cropped-faviconSRVinho.jpg","contentUrl":"https:\/\/www.srvinho.com\/wp-content\/uploads\/2022\/10\/cropped-faviconSRVinho.jpg","width":512,"height":512,"caption":"Sr.Vinho"},"image":{"@id":"https:\/\/www.srvinho.com\/en\/#\/schema\/logo\/image\/"},"sameAs":["https:\/\/www.facebook.com\/Sr.Vinho.Fado","https:\/\/www.instagram.com\/sr_vinho\/"]},{"@type":"Person","@id":"https:\/\/www.srvinho.com\/en\/#\/schema\/person\/6a8e0edfd8e5230bc86146fadf475518","name":"Sr.Vinho","image":{"@type":"ImageObject","inLanguage":"en-GB","@id":"https:\/\/www.srvinho.com\/en\/#\/schema\/person\/image\/","url":"https:\/\/secure.gravatar.com\/avatar\/6f4736db73c4183e275cffea0860d12d?s=96&d=mm&r=g","contentUrl":"https:\/\/secure.gravatar.com\/avatar\/6f4736db73c4183e275cffea0860d12d?s=96&d=mm&r=g","caption":"Sr.Vinho"},"sameAs":["https:\/\/www.srvinho.com"],"url":"https:\/\/www.srvinho.com\/en\/author\/32AvR4kiZ\/"}]}},"_links":{"self":[{"href":"https:\/\/www.srvinho.com\/en\/wp-json\/wp\/v2\/posts\/7289","targetHints":{"allow":["GET"]}}],"collection":[{"href":"https:\/\/www.srvinho.com\/en\/wp-json\/wp\/v2\/posts"}],"about":[{"href":"https:\/\/www.srvinho.com\/en\/wp-json\/wp\/v2\/types\/post"}],"author":[{"embeddable":true,"href":"https:\/\/www.srvinho.com\/en\/wp-json\/wp\/v2\/users\/1"}],"replies":[{"embeddable":true,"href":"https:\/\/www.srvinho.com\/en\/wp-json\/wp\/v2\/comments?post=7289"}],"version-history":[{"count":3,"href":"https:\/\/www.srvinho.com\/en\/wp-json\/wp\/v2\/posts\/7289\/revisions"}],"predecessor-version":[{"id":7458,"href":"https:\/\/www.srvinho.com\/en\/wp-json\/wp\/v2\/posts\/7289\/revisions\/7458"}],"wp:attachment":[{"href":"https:\/\/www.srvinho.com\/en\/wp-json\/wp\/v2\/media?parent=7289"}],"wp:term":[{"taxonomy":"category","embeddable":true,"href":"https:\/\/www.srvinho.com\/en\/wp-json\/wp\/v2\/categories?post=7289"},{"taxonomy":"post_tag","embeddable":true,"href":"https:\/\/www.srvinho.com\/en\/wp-json\/wp\/v2\/tags?post=7289"}],"curies":[{"name":"wp","href":"https:\/\/api.w.org\/{rel}","templated":true}]}}